{"id":1038,"date":"2015-10-02T10:58:11","date_gmt":"2015-10-02T10:58:11","guid":{"rendered":"http:\/\/www.esmadrid.com\/mcb\/en\/?p=1038"},"modified":"2015-10-02T10:58:11","modified_gmt":"2015-10-02T10:58:11","slug":"8th-recognition-night-20150924","status":"publish","type":"post","link":"https:\/\/www.esmadrid.com\/mcb\/en\/news\/8th-recognition-night-20150924\/","title":{"rendered":"8th Recognition Night (2015\/09\/24)"},"content":{"rendered":"<p>Tourism in general and convention tourism in particular are a driving force in Madrid\u2019s economic activity. For this reason, for the past eight years Madrid City Council, through the Congresses Department (MCB) of Madrid Destino\u2019s Tourism Bureau, has held <em>Recognition Night<\/em>, an annual event paying tribute to the industry professionals who attract meetings to the capital city, making it one of the leading national and global destinations for congresses.<\/p>\n<p>This tribute ceremony, which took place in the Cecilio Rodr\u00edguez Gardens, recognised the work of 17 people from the academic, scientific and business worlds representing some of the key congresses held or scheduled to be held in Madrid this year, drawing over 26,000 professionals from these fields to the city and allowing them to experience firsthand all that Madrid has to offer as a destination, including its infrastructure and the excellent services available for congresses hosted in the city.<\/p>\n<p><strong>Over one hundred professionals recognised<\/strong><\/p>\n<p>Those recognised at this eighth edition of the event include 143 professionals have now been honoured by Madrid City Council. This underscores its firm commitment to convention tourism and its support of all of the key players that have fostered or are fostering Madrid\u2019s acquisition of national and international congresses, furthering the city\u2019s reputation as a destination for large-scale events.<\/p>\n<p>All of them, along with the rest of Madrid\u2019s tourism sector (hotels, convention centres and professional congress organisers, or PCOs) have played and continue to play an essential role in establishing Madrid as a leading business destination in addition to being a leisure tourism destination. Madrid is now one of the world\u2019s top destinations for convention tourism, according to the ICCA ranking.<\/p>\n<p>Furthermore, <em>Recognition Night <\/em>serves as the ideal platform for the promotion of corporate networking between the companies associated with MCB.<\/p>\n<p><strong>Partners<\/strong><\/p>\n<p><em>Recognition Night<\/em> always relies on the support and collaboration of Madrid-based companies affiliated with Madrid Convention Bureau, representatives from some of the top-quality services that the capital offers to professional meeting organisers. On this occasion, these partners were M\u00f3nico Gourmet and the Abad\u00edas Group.<\/p>\n<p>M\u00f3nico Gourmet is one of Madrid\u2019s most acclaimed catering services for the organisation of events, providing first-class customised services, and the Abad\u00edas Group has supplied tailored products for thousands of congresses.<\/p>\n<p><strong>Honoured in 2015<\/strong><\/p>\n<p>The important people honoured in the 2015 edition of <em>Recognition Night <\/em>were:<\/p>\n<ul>\n<li>Manuel S\u00e1nchez Luna, Head of the Neonatology Unit at Gregorio Mara\u00f1\u00f3n Maternity and Children\u2019s Hospital<\/li>\n<li>Luis Ignacio Ortega Alcubierre, Vice-Secretary at Union Internationale des Huissiers and Vice-Treasurer of CGPE (General Council of Court Representatives of Spain)<\/li>\n<li>Marcos Mozetic, Executive Director of Exploration at Repsol<\/li>\n<li>Luciano S\u00e1ez Ayerra, President of SEIS (Spanish Society of Health Informatics)<\/li>\n<li>Antonio Portol\u00e9s P\u00e9rez, Director of the Foundation for Biomedical Research at San Carlos Clinical Hospital<\/li>\n<li>Gonzalo Calvo Rojas, Chairman of the European Association for Clinical Pharmacology and Therapeutics<\/li>\n<li>Josefina Castro Fornieles, Director of ICN (Clin\u00edc Institute of Neurosciences)<\/li>\n<li>Jos\u00e9 Ignacio Pichardo Gal\u00e1n, Professor in the Social Anthropology Department at\u00a0Complutense University of Madrid<\/li>\n<li>Rafael S\u00e1nchez-Borrego, Outgoing Chair of AEEM (Spanish Association for the Study of Menopause)<\/li>\n<li>Sonia Gumpert Melgosa, Chair of ICAM (Madrid Bar Association)<\/li>\n<li>Anna Esparcia-Alc\u00e1zar, Director of Research at the Polytechnic University of Valencia<\/li>\n<li>Mar\u00eda Jes\u00fas Dom\u00ednguez Sim\u00f3n, Chair of AMM (Association of Midwives of Madrid)<\/li>\n<li>David de Frutos, Professor at the Faculty of Mathematics at Complutense University of Madrid<\/li>\n<li>Juan Antonio Barcia Albacar, Head of the Neurosurgery Unit at San Carlos Clinical Hospital<\/li>\n<li>Valent\u00edn Garc\u00eda Baonza, Professor of Chemistry and Physics at Complutense University of Madrid<\/li>\n<li>Juan Carlos Lozano, Director of IFALPA Spain and Member of the International Society of Air Safety Investigators<\/li>\n<li>Miriam Mart\u00ednez\u00a0 Villanueva,\u00a0 Secretary of AEFA (Spanish Association of Pharmaceutical Analysts)<\/li>\n<\/ul>\n","protected":false},"excerpt":{"rendered":"<p>Tourism in general and convention tourism in particular are a driving force in Madrid\u2019s economic activity. For this reason, for the past eight years Madrid City Council, through the Congresses Department (MCB) of Madrid Destino\u2019s Tourism Bureau, has held Recognition Night, an annual event paying tribute to the industry professionals who attract meetings to the [&hellip;]<\/p>\n","protected":false},"author":2,"featured_media":1039,"comment_status":"closed","ping_status":"closed","sticky":false,"template":"","format":"standard","meta":{"_acf_changed":false,"footnotes":""},"categories":[1],"tags":[],"class_list":["post-1038","post","type-post","status-publish","format-standard","has-post-thumbnail","hentry","category-news"],"acf":[],"yoast_head":"<!-- This site is optimized with the Yoast SEO plugin v27.4 - https:\/\/yoast.com\/product\/yoast-seo-wordpress\/ -->\n<title>8th Recognition Night (2015\/09\/24) - Madrid Convention Bureau (en)<\/title>\n<meta name=\"robots\" content=\"index, follow, max-snippet:-1, max-image-preview:large, max-video-preview:-1\" \/>\n<link rel=\"canonical\" href=\"https:\/\/www.esmadrid.com\/mcb\/en\/newsold\/8th-recognition-night-20150924\/\" \/>\n<meta property=\"og:locale\" content=\"en_GB\" \/>\n<meta property=\"og:type\" content=\"article\" \/>\n<meta property=\"og:title\" content=\"8th Recognition Night (2015\/09\/24) - Madrid Convention Bureau (en)\" \/>\n<meta property=\"og:description\" content=\"Tourism in general and convention tourism in particular are a driving force in Madrid\u2019s economic activity. For this reason, for the past eight years Madrid City Council, through the Congresses Department (MCB) of Madrid Destino\u2019s Tourism Bureau, has held Recognition Night, an annual event paying tribute to the industry professionals who attract meetings to the [&hellip;]\" \/>\n<meta property=\"og:url\" content=\"https:\/\/www.esmadrid.com\/mcb\/en\/newsold\/8th-recognition-night-20150924\/\" \/>\n<meta property=\"og:site_name\" content=\"Madrid Convention Bureau (en)\" \/>\n<meta property=\"article:published_time\" content=\"2015-10-02T10:58:11+00:00\" \/>\n<meta property=\"og:image\" content=\"https:\/\/www.esmadrid.com\/mcb\/en\/wp-content\/uploads\/sites\/3\/2015\/10\/R-Night.jpg\" \/>\n\t<meta property=\"og:image:width\" content=\"540\" \/>\n\t<meta property=\"og:image:height\" content=\"300\" \/>\n\t<meta property=\"og:image:type\" content=\"image\/jpeg\" \/>\n<meta name=\"author\" content=\"editor\" \/>\n<meta name=\"twitter:card\" content=\"summary_large_image\" \/>\n<meta name=\"twitter:label1\" content=\"Written by\" \/>\n\t<meta name=\"twitter:data1\" content=\"editor\" \/>\n\t<meta name=\"twitter:label2\" content=\"Estimated reading time\" \/>\n\t<meta name=\"twitter:data2\" content=\"3 minutes\" \/>\n<script type=\"application\/ld+json\" class=\"yoast-schema-graph\">{\"@context\":\"https:\\\/\\\/schema.org\",\"@graph\":[{\"@type\":\"Article\",\"@id\":\"https:\\\/\\\/www.esmadrid.com\\\/mcb\\\/en\\\/newsold\\\/8th-recognition-night-20150924\\\/#article\",\"isPartOf\":{\"@id\":\"https:\\\/\\\/www.esmadrid.com\\\/mcb\\\/en\\\/newsold\\\/8th-recognition-night-20150924\\\/\"},\"author\":{\"name\":\"editor\",\"@id\":\"https:\\\/\\\/www.esmadrid.com\\\/mcb\\\/en\\\/#\\\/schema\\\/person\\\/cc0f4a72833d0376034828bc8f99ca0b\"},\"headline\":\"8th Recognition Night (2015\\\/09\\\/24)\",\"datePublished\":\"2015-10-02T10:58:11+00:00\",\"mainEntityOfPage\":{\"@id\":\"https:\\\/\\\/www.esmadrid.com\\\/mcb\\\/en\\\/newsold\\\/8th-recognition-night-20150924\\\/\"},\"wordCount\":635,\"image\":{\"@id\":\"https:\\\/\\\/www.esmadrid.com\\\/mcb\\\/en\\\/newsold\\\/8th-recognition-night-20150924\\\/#primaryimage\"},\"thumbnailUrl\":\"https:\\\/\\\/www.esmadrid.com\\\/mcb\\\/en\\\/wp-content\\\/uploads\\\/sites\\\/3\\\/2015\\\/10\\\/R-Night.jpg\",\"articleSection\":[\"News\"],\"inLanguage\":\"en-GB\"},{\"@type\":\"WebPage\",\"@id\":\"https:\\\/\\\/www.esmadrid.com\\\/mcb\\\/en\\\/newsold\\\/8th-recognition-night-20150924\\\/\",\"url\":\"https:\\\/\\\/www.esmadrid.com\\\/mcb\\\/en\\\/newsold\\\/8th-recognition-night-20150924\\\/\",\"name\":\"8th Recognition Night (2015\\\/09\\\/24) - Madrid Convention Bureau (en)\",\"isPartOf\":{\"@id\":\"https:\\\/\\\/www.esmadrid.com\\\/mcb\\\/en\\\/#website\"},\"primaryImageOfPage\":{\"@id\":\"https:\\\/\\\/www.esmadrid.com\\\/mcb\\\/en\\\/newsold\\\/8th-recognition-night-20150924\\\/#primaryimage\"},\"image\":{\"@id\":\"https:\\\/\\\/www.esmadrid.com\\\/mcb\\\/en\\\/newsold\\\/8th-recognition-night-20150924\\\/#primaryimage\"},\"thumbnailUrl\":\"https:\\\/\\\/www.esmadrid.com\\\/mcb\\\/en\\\/wp-content\\\/uploads\\\/sites\\\/3\\\/2015\\\/10\\\/R-Night.jpg\",\"datePublished\":\"2015-10-02T10:58:11+00:00\",\"author\":{\"@id\":\"https:\\\/\\\/www.esmadrid.com\\\/mcb\\\/en\\\/#\\\/schema\\\/person\\\/cc0f4a72833d0376034828bc8f99ca0b\"},\"breadcrumb\":{\"@id\":\"https:\\\/\\\/www.esmadrid.com\\\/mcb\\\/en\\\/newsold\\\/8th-recognition-night-20150924\\\/#breadcrumb\"},\"inLanguage\":\"en-GB\",\"potentialAction\":[{\"@type\":\"ReadAction\",\"target\":[\"https:\\\/\\\/www.esmadrid.com\\\/mcb\\\/en\\\/newsold\\\/8th-recognition-night-20150924\\\/\"]}]},{\"@type\":\"ImageObject\",\"inLanguage\":\"en-GB\",\"@id\":\"https:\\\/\\\/www.esmadrid.com\\\/mcb\\\/en\\\/newsold\\\/8th-recognition-night-20150924\\\/#primaryimage\",\"url\":\"https:\\\/\\\/www.esmadrid.com\\\/mcb\\\/en\\\/wp-content\\\/uploads\\\/sites\\\/3\\\/2015\\\/10\\\/R-Night.jpg\",\"contentUrl\":\"https:\\\/\\\/www.esmadrid.com\\\/mcb\\\/en\\\/wp-content\\\/uploads\\\/sites\\\/3\\\/2015\\\/10\\\/R-Night.jpg\",\"width\":540,\"height\":300},{\"@type\":\"BreadcrumbList\",\"@id\":\"https:\\\/\\\/www.esmadrid.com\\\/mcb\\\/en\\\/newsold\\\/8th-recognition-night-20150924\\\/#breadcrumb\",\"itemListElement\":[{\"@type\":\"ListItem\",\"position\":1,\"name\":\"Home\",\"item\":\"https:\\\/\\\/www.esmadrid.com\\\/mcb\\\/en\\\/\"},{\"@type\":\"ListItem\",\"position\":2,\"name\":\"8th Recognition Night (2015\\\/09\\\/24)\"}]},{\"@type\":\"WebSite\",\"@id\":\"https:\\\/\\\/www.esmadrid.com\\\/mcb\\\/en\\\/#website\",\"url\":\"https:\\\/\\\/www.esmadrid.com\\\/mcb\\\/en\\\/\",\"name\":\"Madrid Convention Bureau (en)\",\"description\":\"Madrid Convention Bureau\",\"potentialAction\":[{\"@type\":\"SearchAction\",\"target\":{\"@type\":\"EntryPoint\",\"urlTemplate\":\"https:\\\/\\\/www.esmadrid.com\\\/mcb\\\/en\\\/?s={search_term_string}\"},\"query-input\":{\"@type\":\"PropertyValueSpecification\",\"valueRequired\":true,\"valueName\":\"search_term_string\"}}],\"inLanguage\":\"en-GB\"},{\"@type\":\"Person\",\"@id\":\"https:\\\/\\\/www.esmadrid.com\\\/mcb\\\/en\\\/#\\\/schema\\\/person\\\/cc0f4a72833d0376034828bc8f99ca0b\",\"name\":\"editor\",\"url\":\"https:\\\/\\\/www.esmadrid.com\\\/mcb\\\/en\\\/author\\\/editor\\\/\"}]}<\/script>\n<!-- \/ Yoast SEO plugin. -->","yoast_head_json":{"title":"8th Recognition Night (2015\/09\/24) - Madrid Convention Bureau (en)","robots":{"index":"index","follow":"follow","max-snippet":"max-snippet:-1","max-image-preview":"max-image-preview:large","max-video-preview":"max-video-preview:-1"},"canonical":"https:\/\/www.esmadrid.com\/mcb\/en\/newsold\/8th-recognition-night-20150924\/","og_locale":"en_GB","og_type":"article","og_title":"8th Recognition Night (2015\/09\/24) - Madrid Convention Bureau (en)","og_description":"Tourism in general and convention tourism in particular are a driving force in Madrid\u2019s economic activity. For this reason, for the past eight years Madrid City Council, through the Congresses Department (MCB) of Madrid Destino\u2019s Tourism Bureau, has held Recognition Night, an annual event paying tribute to the industry professionals who attract meetings to the [&hellip;]","og_url":"https:\/\/www.esmadrid.com\/mcb\/en\/newsold\/8th-recognition-night-20150924\/","og_site_name":"Madrid Convention Bureau (en)","article_published_time":"2015-10-02T10:58:11+00:00","og_image":[{"width":540,"height":300,"url":"https:\/\/www.esmadrid.com\/mcb\/en\/wp-content\/uploads\/sites\/3\/2015\/10\/R-Night.jpg","type":"image\/jpeg"}],"author":"editor","twitter_card":"summary_large_image","twitter_misc":{"Written by":"editor","Estimated reading time":"3 minutes"},"schema":{"@context":"https:\/\/schema.org","@graph":[{"@type":"Article","@id":"https:\/\/www.esmadrid.com\/mcb\/en\/newsold\/8th-recognition-night-20150924\/#article","isPartOf":{"@id":"https:\/\/www.esmadrid.com\/mcb\/en\/newsold\/8th-recognition-night-20150924\/"},"author":{"name":"editor","@id":"https:\/\/www.esmadrid.com\/mcb\/en\/#\/schema\/person\/cc0f4a72833d0376034828bc8f99ca0b"},"headline":"8th Recognition Night (2015\/09\/24)","datePublished":"2015-10-02T10:58:11+00:00","mainEntityOfPage":{"@id":"https:\/\/www.esmadrid.com\/mcb\/en\/newsold\/8th-recognition-night-20150924\/"},"wordCount":635,"image":{"@id":"https:\/\/www.esmadrid.com\/mcb\/en\/newsold\/8th-recognition-night-20150924\/#primaryimage"},"thumbnailUrl":"https:\/\/www.esmadrid.com\/mcb\/en\/wp-content\/uploads\/sites\/3\/2015\/10\/R-Night.jpg","articleSection":["News"],"inLanguage":"en-GB"},{"@type":"WebPage","@id":"https:\/\/www.esmadrid.com\/mcb\/en\/newsold\/8th-recognition-night-20150924\/","url":"https:\/\/www.esmadrid.com\/mcb\/en\/newsold\/8th-recognition-night-20150924\/","name":"8th Recognition Night (2015\/09\/24) - Madrid Convention Bureau (en)","isPartOf":{"@id":"https:\/\/www.esmadrid.com\/mcb\/en\/#website"},"primaryImageOfPage":{"@id":"https:\/\/www.esmadrid.com\/mcb\/en\/newsold\/8th-recognition-night-20150924\/#primaryimage"},"image":{"@id":"https:\/\/www.esmadrid.com\/mcb\/en\/newsold\/8th-recognition-night-20150924\/#primaryimage"},"thumbnailUrl":"https:\/\/www.esmadrid.com\/mcb\/en\/wp-content\/uploads\/sites\/3\/2015\/10\/R-Night.jpg","datePublished":"2015-10-02T10:58:11+00:00","author":{"@id":"https:\/\/www.esmadrid.com\/mcb\/en\/#\/schema\/person\/cc0f4a72833d0376034828bc8f99ca0b"},"breadcrumb":{"@id":"https:\/\/www.esmadrid.com\/mcb\/en\/newsold\/8th-recognition-night-20150924\/#breadcrumb"},"inLanguage":"en-GB","potentialAction":[{"@type":"ReadAction","target":["https:\/\/www.esmadrid.com\/mcb\/en\/newsold\/8th-recognition-night-20150924\/"]}]},{"@type":"ImageObject","inLanguage":"en-GB","@id":"https:\/\/www.esmadrid.com\/mcb\/en\/newsold\/8th-recognition-night-20150924\/#primaryimage","url":"https:\/\/www.esmadrid.com\/mcb\/en\/wp-content\/uploads\/sites\/3\/2015\/10\/R-Night.jpg","contentUrl":"https:\/\/www.esmadrid.com\/mcb\/en\/wp-content\/uploads\/sites\/3\/2015\/10\/R-Night.jpg","width":540,"height":300},{"@type":"BreadcrumbList","@id":"https:\/\/www.esmadrid.com\/mcb\/en\/newsold\/8th-recognition-night-20150924\/#breadcrumb","itemListElement":[{"@type":"ListItem","position":1,"name":"Home","item":"https:\/\/www.esmadrid.com\/mcb\/en\/"},{"@type":"ListItem","position":2,"name":"8th Recognition Night (2015\/09\/24)"}]},{"@type":"WebSite","@id":"https:\/\/www.esmadrid.com\/mcb\/en\/#website","url":"https:\/\/www.esmadrid.com\/mcb\/en\/","name":"Madrid Convention Bureau (en)","description":"Madrid Convention Bureau","potentialAction":[{"@type":"SearchAction","target":{"@type":"EntryPoint","urlTemplate":"https:\/\/www.esmadrid.com\/mcb\/en\/?s={search_term_string}"},"query-input":{"@type":"PropertyValueSpecification","valueRequired":true,"valueName":"search_term_string"}}],"inLanguage":"en-GB"},{"@type":"Person","@id":"https:\/\/www.esmadrid.com\/mcb\/en\/#\/schema\/person\/cc0f4a72833d0376034828bc8f99ca0b","name":"editor","url":"https:\/\/www.esmadrid.com\/mcb\/en\/author\/editor\/"}]}},"_links":{"self":[{"href":"https:\/\/www.esmadrid.com\/mcb\/en\/wp-json\/wp\/v2\/posts\/1038","targetHints":{"allow":["GET"]}}],"collection":[{"href":"https:\/\/www.esmadrid.com\/mcb\/en\/wp-json\/wp\/v2\/posts"}],"about":[{"href":"https:\/\/www.esmadrid.com\/mcb\/en\/wp-json\/wp\/v2\/types\/post"}],"author":[{"embeddable":true,"href":"https:\/\/www.esmadrid.com\/mcb\/en\/wp-json\/wp\/v2\/users\/2"}],"replies":[{"embeddable":true,"href":"https:\/\/www.esmadrid.com\/mcb\/en\/wp-json\/wp\/v2\/comments?post=1038"}],"version-history":[{"count":1,"href":"https:\/\/www.esmadrid.com\/mcb\/en\/wp-json\/wp\/v2\/posts\/1038\/revisions"}],"predecessor-version":[{"id":1040,"href":"https:\/\/www.esmadrid.com\/mcb\/en\/wp-json\/wp\/v2\/posts\/1038\/revisions\/1040"}],"wp:featuredmedia":[{"embeddable":true,"href":"https:\/\/www.esmadrid.com\/mcb\/en\/wp-json\/wp\/v2\/media\/1039"}],"wp:attachment":[{"href":"https:\/\/www.esmadrid.com\/mcb\/en\/wp-json\/wp\/v2\/media?parent=1038"}],"wp:term":[{"taxonomy":"category","embeddable":true,"href":"https:\/\/www.esmadrid.com\/mcb\/en\/wp-json\/wp\/v2\/categories?post=1038"},{"taxonomy":"post_tag","embeddable":true,"href":"https:\/\/www.esmadrid.com\/mcb\/en\/wp-json\/wp\/v2\/tags?post=1038"}],"curies":[{"name":"wp","href":"https:\/\/api.w.org\/{rel}","templated":true}]}}