{"id":1495,"date":"2016-06-28T13:16:03","date_gmt":"2016-06-28T13:16:03","guid":{"rendered":"http:\/\/www.esmadrid.com\/mcb\/en\/?p=1495"},"modified":"2016-06-28T13:16:03","modified_gmt":"2016-06-28T13:16:03","slug":"madrid-hosts-mi-forum-europe-summer-2016","status":"publish","type":"post","link":"https:\/\/www.esmadrid.com\/mcb\/en\/news\/madrid-hosts-mi-forum-europe-summer-2016\/","title":{"rendered":"Madrid hosts M&amp;I Forum Europe Summer 2016"},"content":{"rendered":"<p>Following the bid presented by Madrid Convention Bureau, attached to Madrid Destino\u2019s Tourism Department (Madrid City Council), the Spanish capital was\u00a0chosen to host M&amp;I Forum Europe Summer 2016, the leading forum of the MICE tourism destination sector organised by the British-based company Worldwide Events.<\/p>\n<p>As from today 28 June\u00a0until 2 July, this event gather over 700 participants made up of businesses and buyers dedicated to organising meetings, incentive programmes, conventions and exhibitions. The professionals who attend M&amp;I Forum come from businesses of practically all the European markets in which Madrid is established as a MICE tourism destination.<\/p>\n<p>MCB plans to use this forum to achieve two goals. The first is to attract large events that choose Madrid as the venue, for which purpose it will make over 50 meetings with potential buyers. The second is to offer an experience of Madrid to all attendees, opinion leaders in their respective markets, so they could discover for themselves what sets the city apart from others as a MICE tourism destination.<\/p>\n<p><strong>Parallel activities<\/strong><\/p>\n<p>M&amp;I Forum Europe Summer 2016 is structured in such a way that it combines professional appointments held in the morning with parallel activities, thus enabling participants to enjoy and get to know the city, as well as forge closer links with each other and encourage networking.<\/p>\n<p>MCB helps coordinate this programme of activities which includes visits to the city\u2019s most iconic terraces, tours around Madrid in a SEAT 600 car, and guided tours of the capital\u2019s most historic sites, as well as other routes that invites participants to get closer to Madrid from a wide variety of perspectives. Furthermore, those attending the forum get\u00a0a chance to experience the culture by taking flamenco classes or Spanish cookery lessons.<\/p>\n<p>M&amp;I Forum Europe Summer 2016 is sponsored by the companies associated with MCB: Hotel NH Collection Eurobuilding, Hotel Meli\u00e1 Castilla, the specialised MICE tourism destination agencies, Kuoni, AIM Group and In &amp; Out, as well as the special venues Palacio de Negralejo and the Santiago Bernab\u00e9u Stadium. It also receives the collaboration of Corral de la Morer\u00eda and Hard Rock Caf\u00e9, plus service providers Proyectarte and Elite Touring.<\/p>\n","protected":false},"excerpt":{"rendered":"<p>Following the bid presented by Madrid Convention Bureau, attached to Madrid Destino\u2019s Tourism Department (Madrid City Council), the Spanish capital was\u00a0chosen to host M&amp;I Forum Europe Summer 2016, the leading forum of the MICE tourism destination sector organised by the British-based company Worldwide Events. As from today 28 June\u00a0until 2 July, this event gather over [&hellip;]<\/p>\n","protected":false},"author":2,"featured_media":1222,"comment_status":"closed","ping_status":"closed","sticky":false,"template":"","format":"standard","meta":{"_acf_changed":false,"footnotes":""},"categories":[1],"tags":[],"class_list":["post-1495","post","type-post","status-publish","format-standard","has-post-thumbnail","hentry","category-news"],"acf":[],"yoast_head":"<!-- This site is optimized with the Yoast SEO plugin v27.4 - https:\/\/yoast.com\/product\/yoast-seo-wordpress\/ -->\n<title>Madrid hosts M&amp;I Forum Europe Summer 2016 - Madrid Convention Bureau (en)<\/title>\n<meta name=\"robots\" content=\"index, follow, max-snippet:-1, max-image-preview:large, max-video-preview:-1\" \/>\n<link rel=\"canonical\" href=\"https:\/\/www.esmadrid.com\/mcb\/en\/newsold\/madrid-hosts-mi-forum-europe-summer-2016\/\" \/>\n<meta property=\"og:locale\" content=\"en_GB\" \/>\n<meta property=\"og:type\" content=\"article\" \/>\n<meta property=\"og:title\" content=\"Madrid hosts M&amp;I Forum Europe Summer 2016 - Madrid Convention Bureau (en)\" \/>\n<meta property=\"og:description\" content=\"Following the bid presented by Madrid Convention Bureau, attached to Madrid Destino\u2019s Tourism Department (Madrid City Council), the Spanish capital was\u00a0chosen to host M&amp;I Forum Europe Summer 2016, the leading forum of the MICE tourism destination sector organised by the British-based company Worldwide Events. As from today 28 June\u00a0until 2 July, this event gather over [&hellip;]\" \/>\n<meta property=\"og:url\" content=\"https:\/\/www.esmadrid.com\/mcb\/en\/newsold\/madrid-hosts-mi-forum-europe-summer-2016\/\" \/>\n<meta property=\"og:site_name\" content=\"Madrid Convention Bureau (en)\" \/>\n<meta property=\"article:published_time\" content=\"2016-06-28T13:16:03+00:00\" \/>\n<meta property=\"og:image\" content=\"https:\/\/www.esmadrid.com\/mcb\/en\/wp-content\/uploads\/sites\/3\/2016\/01\/MI-Europe-Summer.jpg\" \/>\n\t<meta property=\"og:image:width\" content=\"725\" \/>\n\t<meta property=\"og:image:height\" content=\"532\" \/>\n\t<meta property=\"og:image:type\" content=\"image\/jpeg\" \/>\n<meta name=\"author\" content=\"editor\" \/>\n<meta name=\"twitter:card\" content=\"summary_large_image\" \/>\n<meta name=\"twitter:label1\" content=\"Written by\" \/>\n\t<meta name=\"twitter:data1\" content=\"editor\" \/>\n\t<meta name=\"twitter:label2\" content=\"Estimated reading time\" \/>\n\t<meta name=\"twitter:data2\" content=\"2 minutes\" \/>\n<script type=\"application\/ld+json\" class=\"yoast-schema-graph\">{\"@context\":\"https:\\\/\\\/schema.org\",\"@graph\":[{\"@type\":\"Article\",\"@id\":\"https:\\\/\\\/www.esmadrid.com\\\/mcb\\\/en\\\/newsold\\\/madrid-hosts-mi-forum-europe-summer-2016\\\/#article\",\"isPartOf\":{\"@id\":\"https:\\\/\\\/www.esmadrid.com\\\/mcb\\\/en\\\/newsold\\\/madrid-hosts-mi-forum-europe-summer-2016\\\/\"},\"author\":{\"name\":\"editor\",\"@id\":\"https:\\\/\\\/www.esmadrid.com\\\/mcb\\\/en\\\/#\\\/schema\\\/person\\\/cc0f4a72833d0376034828bc8f99ca0b\"},\"headline\":\"Madrid hosts M&amp;I Forum Europe Summer 2016\",\"datePublished\":\"2016-06-28T13:16:03+00:00\",\"mainEntityOfPage\":{\"@id\":\"https:\\\/\\\/www.esmadrid.com\\\/mcb\\\/en\\\/newsold\\\/madrid-hosts-mi-forum-europe-summer-2016\\\/\"},\"wordCount\":371,\"image\":{\"@id\":\"https:\\\/\\\/www.esmadrid.com\\\/mcb\\\/en\\\/newsold\\\/madrid-hosts-mi-forum-europe-summer-2016\\\/#primaryimage\"},\"thumbnailUrl\":\"https:\\\/\\\/www.esmadrid.com\\\/mcb\\\/en\\\/wp-content\\\/uploads\\\/sites\\\/3\\\/2016\\\/01\\\/MI-Europe-Summer.jpg\",\"articleSection\":[\"News\"],\"inLanguage\":\"en-GB\"},{\"@type\":\"WebPage\",\"@id\":\"https:\\\/\\\/www.esmadrid.com\\\/mcb\\\/en\\\/newsold\\\/madrid-hosts-mi-forum-europe-summer-2016\\\/\",\"url\":\"https:\\\/\\\/www.esmadrid.com\\\/mcb\\\/en\\\/newsold\\\/madrid-hosts-mi-forum-europe-summer-2016\\\/\",\"name\":\"Madrid hosts M&amp;I Forum Europe Summer 2016 - Madrid Convention Bureau (en)\",\"isPartOf\":{\"@id\":\"https:\\\/\\\/www.esmadrid.com\\\/mcb\\\/en\\\/#website\"},\"primaryImageOfPage\":{\"@id\":\"https:\\\/\\\/www.esmadrid.com\\\/mcb\\\/en\\\/newsold\\\/madrid-hosts-mi-forum-europe-summer-2016\\\/#primaryimage\"},\"image\":{\"@id\":\"https:\\\/\\\/www.esmadrid.com\\\/mcb\\\/en\\\/newsold\\\/madrid-hosts-mi-forum-europe-summer-2016\\\/#primaryimage\"},\"thumbnailUrl\":\"https:\\\/\\\/www.esmadrid.com\\\/mcb\\\/en\\\/wp-content\\\/uploads\\\/sites\\\/3\\\/2016\\\/01\\\/MI-Europe-Summer.jpg\",\"datePublished\":\"2016-06-28T13:16:03+00:00\",\"author\":{\"@id\":\"https:\\\/\\\/www.esmadrid.com\\\/mcb\\\/en\\\/#\\\/schema\\\/person\\\/cc0f4a72833d0376034828bc8f99ca0b\"},\"breadcrumb\":{\"@id\":\"https:\\\/\\\/www.esmadrid.com\\\/mcb\\\/en\\\/newsold\\\/madrid-hosts-mi-forum-europe-summer-2016\\\/#breadcrumb\"},\"inLanguage\":\"en-GB\",\"potentialAction\":[{\"@type\":\"ReadAction\",\"target\":[\"https:\\\/\\\/www.esmadrid.com\\\/mcb\\\/en\\\/newsold\\\/madrid-hosts-mi-forum-europe-summer-2016\\\/\"]}]},{\"@type\":\"ImageObject\",\"inLanguage\":\"en-GB\",\"@id\":\"https:\\\/\\\/www.esmadrid.com\\\/mcb\\\/en\\\/newsold\\\/madrid-hosts-mi-forum-europe-summer-2016\\\/#primaryimage\",\"url\":\"https:\\\/\\\/www.esmadrid.com\\\/mcb\\\/en\\\/wp-content\\\/uploads\\\/sites\\\/3\\\/2016\\\/01\\\/MI-Europe-Summer.jpg\",\"contentUrl\":\"https:\\\/\\\/www.esmadrid.com\\\/mcb\\\/en\\\/wp-content\\\/uploads\\\/sites\\\/3\\\/2016\\\/01\\\/MI-Europe-Summer.jpg\",\"width\":725,\"height\":532},{\"@type\":\"BreadcrumbList\",\"@id\":\"https:\\\/\\\/www.esmadrid.com\\\/mcb\\\/en\\\/newsold\\\/madrid-hosts-mi-forum-europe-summer-2016\\\/#breadcrumb\",\"itemListElement\":[{\"@type\":\"ListItem\",\"position\":1,\"name\":\"Home\",\"item\":\"https:\\\/\\\/www.esmadrid.com\\\/mcb\\\/en\\\/\"},{\"@type\":\"ListItem\",\"position\":2,\"name\":\"Madrid hosts M&amp;I Forum Europe Summer 2016\"}]},{\"@type\":\"WebSite\",\"@id\":\"https:\\\/\\\/www.esmadrid.com\\\/mcb\\\/en\\\/#website\",\"url\":\"https:\\\/\\\/www.esmadrid.com\\\/mcb\\\/en\\\/\",\"name\":\"Madrid Convention Bureau (en)\",\"description\":\"Madrid Convention Bureau\",\"potentialAction\":[{\"@type\":\"SearchAction\",\"target\":{\"@type\":\"EntryPoint\",\"urlTemplate\":\"https:\\\/\\\/www.esmadrid.com\\\/mcb\\\/en\\\/?s={search_term_string}\"},\"query-input\":{\"@type\":\"PropertyValueSpecification\",\"valueRequired\":true,\"valueName\":\"search_term_string\"}}],\"inLanguage\":\"en-GB\"},{\"@type\":\"Person\",\"@id\":\"https:\\\/\\\/www.esmadrid.com\\\/mcb\\\/en\\\/#\\\/schema\\\/person\\\/cc0f4a72833d0376034828bc8f99ca0b\",\"name\":\"editor\",\"url\":\"https:\\\/\\\/www.esmadrid.com\\\/mcb\\\/en\\\/author\\\/editor\\\/\"}]}<\/script>\n<!-- \/ Yoast SEO plugin. -->","yoast_head_json":{"title":"Madrid hosts M&amp;I Forum Europe Summer 2016 - Madrid Convention Bureau (en)","robots":{"index":"index","follow":"follow","max-snippet":"max-snippet:-1","max-image-preview":"max-image-preview:large","max-video-preview":"max-video-preview:-1"},"canonical":"https:\/\/www.esmadrid.com\/mcb\/en\/newsold\/madrid-hosts-mi-forum-europe-summer-2016\/","og_locale":"en_GB","og_type":"article","og_title":"Madrid hosts M&amp;I Forum Europe Summer 2016 - Madrid Convention Bureau (en)","og_description":"Following the bid presented by Madrid Convention Bureau, attached to Madrid Destino\u2019s Tourism Department (Madrid City Council), the Spanish capital was\u00a0chosen to host M&amp;I Forum Europe Summer 2016, the leading forum of the MICE tourism destination sector organised by the British-based company Worldwide Events. As from today 28 June\u00a0until 2 July, this event gather over [&hellip;]","og_url":"https:\/\/www.esmadrid.com\/mcb\/en\/newsold\/madrid-hosts-mi-forum-europe-summer-2016\/","og_site_name":"Madrid Convention Bureau (en)","article_published_time":"2016-06-28T13:16:03+00:00","og_image":[{"width":725,"height":532,"url":"https:\/\/www.esmadrid.com\/mcb\/en\/wp-content\/uploads\/sites\/3\/2016\/01\/MI-Europe-Summer.jpg","type":"image\/jpeg"}],"author":"editor","twitter_card":"summary_large_image","twitter_misc":{"Written by":"editor","Estimated reading time":"2 minutes"},"schema":{"@context":"https:\/\/schema.org","@graph":[{"@type":"Article","@id":"https:\/\/www.esmadrid.com\/mcb\/en\/newsold\/madrid-hosts-mi-forum-europe-summer-2016\/#article","isPartOf":{"@id":"https:\/\/www.esmadrid.com\/mcb\/en\/newsold\/madrid-hosts-mi-forum-europe-summer-2016\/"},"author":{"name":"editor","@id":"https:\/\/www.esmadrid.com\/mcb\/en\/#\/schema\/person\/cc0f4a72833d0376034828bc8f99ca0b"},"headline":"Madrid hosts M&amp;I Forum Europe Summer 2016","datePublished":"2016-06-28T13:16:03+00:00","mainEntityOfPage":{"@id":"https:\/\/www.esmadrid.com\/mcb\/en\/newsold\/madrid-hosts-mi-forum-europe-summer-2016\/"},"wordCount":371,"image":{"@id":"https:\/\/www.esmadrid.com\/mcb\/en\/newsold\/madrid-hosts-mi-forum-europe-summer-2016\/#primaryimage"},"thumbnailUrl":"https:\/\/www.esmadrid.com\/mcb\/en\/wp-content\/uploads\/sites\/3\/2016\/01\/MI-Europe-Summer.jpg","articleSection":["News"],"inLanguage":"en-GB"},{"@type":"WebPage","@id":"https:\/\/www.esmadrid.com\/mcb\/en\/newsold\/madrid-hosts-mi-forum-europe-summer-2016\/","url":"https:\/\/www.esmadrid.com\/mcb\/en\/newsold\/madrid-hosts-mi-forum-europe-summer-2016\/","name":"Madrid hosts M&amp;I Forum Europe Summer 2016 - Madrid Convention Bureau (en)","isPartOf":{"@id":"https:\/\/www.esmadrid.com\/mcb\/en\/#website"},"primaryImageOfPage":{"@id":"https:\/\/www.esmadrid.com\/mcb\/en\/newsold\/madrid-hosts-mi-forum-europe-summer-2016\/#primaryimage"},"image":{"@id":"https:\/\/www.esmadrid.com\/mcb\/en\/newsold\/madrid-hosts-mi-forum-europe-summer-2016\/#primaryimage"},"thumbnailUrl":"https:\/\/www.esmadrid.com\/mcb\/en\/wp-content\/uploads\/sites\/3\/2016\/01\/MI-Europe-Summer.jpg","datePublished":"2016-06-28T13:16:03+00:00","author":{"@id":"https:\/\/www.esmadrid.com\/mcb\/en\/#\/schema\/person\/cc0f4a72833d0376034828bc8f99ca0b"},"breadcrumb":{"@id":"https:\/\/www.esmadrid.com\/mcb\/en\/newsold\/madrid-hosts-mi-forum-europe-summer-2016\/#breadcrumb"},"inLanguage":"en-GB","potentialAction":[{"@type":"ReadAction","target":["https:\/\/www.esmadrid.com\/mcb\/en\/newsold\/madrid-hosts-mi-forum-europe-summer-2016\/"]}]},{"@type":"ImageObject","inLanguage":"en-GB","@id":"https:\/\/www.esmadrid.com\/mcb\/en\/newsold\/madrid-hosts-mi-forum-europe-summer-2016\/#primaryimage","url":"https:\/\/www.esmadrid.com\/mcb\/en\/wp-content\/uploads\/sites\/3\/2016\/01\/MI-Europe-Summer.jpg","contentUrl":"https:\/\/www.esmadrid.com\/mcb\/en\/wp-content\/uploads\/sites\/3\/2016\/01\/MI-Europe-Summer.jpg","width":725,"height":532},{"@type":"BreadcrumbList","@id":"https:\/\/www.esmadrid.com\/mcb\/en\/newsold\/madrid-hosts-mi-forum-europe-summer-2016\/#breadcrumb","itemListElement":[{"@type":"ListItem","position":1,"name":"Home","item":"https:\/\/www.esmadrid.com\/mcb\/en\/"},{"@type":"ListItem","position":2,"name":"Madrid hosts M&amp;I Forum Europe Summer 2016"}]},{"@type":"WebSite","@id":"https:\/\/www.esmadrid.com\/mcb\/en\/#website","url":"https:\/\/www.esmadrid.com\/mcb\/en\/","name":"Madrid Convention Bureau (en)","description":"Madrid Convention Bureau","potentialAction":[{"@type":"SearchAction","target":{"@type":"EntryPoint","urlTemplate":"https:\/\/www.esmadrid.com\/mcb\/en\/?s={search_term_string}"},"query-input":{"@type":"PropertyValueSpecification","valueRequired":true,"valueName":"search_term_string"}}],"inLanguage":"en-GB"},{"@type":"Person","@id":"https:\/\/www.esmadrid.com\/mcb\/en\/#\/schema\/person\/cc0f4a72833d0376034828bc8f99ca0b","name":"editor","url":"https:\/\/www.esmadrid.com\/mcb\/en\/author\/editor\/"}]}},"_links":{"self":[{"href":"https:\/\/www.esmadrid.com\/mcb\/en\/wp-json\/wp\/v2\/posts\/1495","targetHints":{"allow":["GET"]}}],"collection":[{"href":"https:\/\/www.esmadrid.com\/mcb\/en\/wp-json\/wp\/v2\/posts"}],"about":[{"href":"https:\/\/www.esmadrid.com\/mcb\/en\/wp-json\/wp\/v2\/types\/post"}],"author":[{"embeddable":true,"href":"https:\/\/www.esmadrid.com\/mcb\/en\/wp-json\/wp\/v2\/users\/2"}],"replies":[{"embeddable":true,"href":"https:\/\/www.esmadrid.com\/mcb\/en\/wp-json\/wp\/v2\/comments?post=1495"}],"version-history":[{"count":2,"href":"https:\/\/www.esmadrid.com\/mcb\/en\/wp-json\/wp\/v2\/posts\/1495\/revisions"}],"predecessor-version":[{"id":1509,"href":"https:\/\/www.esmadrid.com\/mcb\/en\/wp-json\/wp\/v2\/posts\/1495\/revisions\/1509"}],"wp:featuredmedia":[{"embeddable":true,"href":"https:\/\/www.esmadrid.com\/mcb\/en\/wp-json\/wp\/v2\/media\/1222"}],"wp:attachment":[{"href":"https:\/\/www.esmadrid.com\/mcb\/en\/wp-json\/wp\/v2\/media?parent=1495"}],"wp:term":[{"taxonomy":"category","embeddable":true,"href":"https:\/\/www.esmadrid.com\/mcb\/en\/wp-json\/wp\/v2\/categories?post=1495"},{"taxonomy":"post_tag","embeddable":true,"href":"https:\/\/www.esmadrid.com\/mcb\/en\/wp-json\/wp\/v2\/tags?post=1495"}],"curies":[{"name":"wp","href":"https:\/\/api.w.org\/{rel}","templated":true}]}}