{"id":1818,"date":"2017-02-10T11:12:38","date_gmt":"2017-02-10T11:12:38","guid":{"rendered":"https:\/\/www.esmadrid.com\/mcb\/en\/?p=1818"},"modified":"2017-02-10T11:12:38","modified_gmt":"2017-02-10T11:12:38","slug":"madrid-art-arco-madrid","status":"publish","type":"post","link":"https:\/\/www.esmadrid.com\/mcb\/en\/news\/madrid-art-arco-madrid\/","title":{"rendered":"Madrid is art: ARCO MADRID"},"content":{"rendered":"<p>From 22 to 26 February, Madrid turns into the global capital of contemporary art as it hosts its annual fair, now in its 36th edition.<\/p>\n<p>The International Contemporary Art Fair of Madrid kicks off a new edition with a clear aim: to establish itself as a fair where collectors and industry professionals can discover new talent and material. To this end, it features a General Programme in which 160 galleries are scheduled to take part, in addition to those in the other curated sections: Argentina Plataforma ARCO, with twelve galleries; Dialogues, with another twelve; and Opening, with sixteen. Most of the galleries will offer up projects focused on presenting one or two artists from different backgrounds, strengthening ARCOmadrid\u2019s status as a space in which to discover the work of creators from varying generations. Argentina\u2019s participation as guest country this year consolidates the scope of the fair as a major Latin American benchmark in Europe.<\/p>\n<p>Against this backdrop, Madrid will also strive to show off its most impressive Latin American side, with various exhibitions taking place at the city\u2019s leading art centres and museums. Visitors can view exhibitions focusing on the Isabel and Agust\u00edn Coppel Collection at the Banco Santander Foundation, the Hochschild Collection at Sala Alcal\u00e1 31 and the Costantini Collection at the San Fernando Royal Academy of Fine Arts, as well as the shows devoted to Diego Bianchi and Luis Garay at Matadero Madrid and to Leandro Erlich in Telef\u00f3nica Foundation Space, among others. In addition to the large number of galleries returning to ARCOmadrid as repeat participants this year, new galleries and emerging countries will also have a presence, laying the groundwork for a coherent and top-notch edition. Participants of particular note include Alexander and Bonin, Chantal Crousel, Jan Mot\/Sprueth Magers, Lisson Gallery and Team Gallery, plus other important galleries whose interest in the fair is as strong as ever, such as Carlier Gebauer, Esther Shipper, Jocelyn Wolff and Kow, as well as participants like Dvir, Jablonka Maruani Mercier Gallery, Labor, Michel Rein, Nara Roesler, Supportico Lopez and Tanya Bonakdar.<\/p>\n<p>ARCOmadrid remains committed to presenting projects by individual artists as well as those that strike up a \u2018dialogue\u2019 with each other: throughout the fair this intergenerational dialogue will encompass Galer\u00eda Marilia Razuk a range of artists, from the youngest likeElena Alonso and Fito Conesa to the most prominent artists of today, such as Anna Oppermann, Henri Chopin, Mihai Olos and Robert Breer. Once again this year, the fair will carve out a place for the SOLO\/DUO component, with over 20 of the selected galleries devoting their stands to one or two specific artists, including Alan Charlton, Edgardo Antonio Vigo, Ignasi Aball\u00ed, Jos\u00e9 Mar\u00eda Sicilia and Tom\u00e1s Saraceno. For its part, Argentina Plataforma ARCO will present internationally renowned artists like Alberto Greco, Eduardo Stupia and Mirtha Dermisache, as well as others awaiting discovery by the general public such as Diego Bianchi, Pablo Accinelli and Sol Pipkin. The Dialogues programme will feature galleries selected by Mar\u00eda de Corral, Lorena Mart\u00ednez de Corral and Catalina Lozano, whose stands will produce new material in addition to presenting an indepth overview of the work of their artists, including Diango Hern\u00e1ndez and Roman Ondak as well as Argentinian artists Eduardo Navarro, Irene Kopelman and Tom\u00e1s Saraceno. Finally, Opening will once again focus on galleries created no more than seven years ago, with the aim of contributing new aesthetic information and experiences. Artists under the spotlight in this section include Carme Nogueira, Felipe Cohen and Luis L\u00e1zaro Matos.<\/p>\n","protected":false},"excerpt":{"rendered":"<p>From 22 to 26 February, Madrid turns into the global capital of contemporary art as it hosts its annual fair, now in its 36th edition. The International Contemporary Art Fair of Madrid kicks off a new edition with a clear aim: to establish itself as a fair where collectors and industry professionals can discover new [&hellip;]<\/p>\n","protected":false},"author":2,"featured_media":1825,"comment_status":"closed","ping_status":"closed","sticky":false,"template":"","format":"standard","meta":{"_acf_changed":false,"footnotes":""},"categories":[1],"tags":[],"class_list":["post-1818","post","type-post","status-publish","format-standard","has-post-thumbnail","hentry","category-news"],"acf":[],"yoast_head":"<!-- This site is optimized with the Yoast SEO plugin v27.4 - https:\/\/yoast.com\/product\/yoast-seo-wordpress\/ -->\n<title>Madrid is art: ARCO MADRID - Madrid Convention Bureau (en)<\/title>\n<meta name=\"robots\" content=\"index, follow, max-snippet:-1, max-image-preview:large, max-video-preview:-1\" \/>\n<link rel=\"canonical\" href=\"https:\/\/www.esmadrid.com\/mcb\/en\/newsold\/madrid-art-arco-madrid\/\" \/>\n<meta property=\"og:locale\" content=\"en_GB\" \/>\n<meta property=\"og:type\" content=\"article\" \/>\n<meta property=\"og:title\" content=\"Madrid is art: ARCO MADRID - Madrid Convention Bureau (en)\" \/>\n<meta property=\"og:description\" content=\"From 22 to 26 February, Madrid turns into the global capital of contemporary art as it hosts its annual fair, now in its 36th edition. The International Contemporary Art Fair of Madrid kicks off a new edition with a clear aim: to establish itself as a fair where collectors and industry professionals can discover new [&hellip;]\" \/>\n<meta property=\"og:url\" content=\"https:\/\/www.esmadrid.com\/mcb\/en\/newsold\/madrid-art-arco-madrid\/\" \/>\n<meta property=\"og:site_name\" content=\"Madrid Convention Bureau (en)\" \/>\n<meta property=\"article:published_time\" content=\"2017-02-10T11:12:38+00:00\" \/>\n<meta property=\"og:image\" content=\"https:\/\/www.esmadrid.com\/mcb\/en\/wp-content\/uploads\/sites\/3\/2017\/02\/arco-WP.jpg\" \/>\n\t<meta property=\"og:image:width\" content=\"325\" \/>\n\t<meta property=\"og:image:height\" content=\"217\" \/>\n\t<meta property=\"og:image:type\" content=\"image\/jpeg\" \/>\n<meta name=\"author\" content=\"editor\" \/>\n<meta name=\"twitter:card\" content=\"summary_large_image\" \/>\n<meta name=\"twitter:label1\" content=\"Written by\" \/>\n\t<meta name=\"twitter:data1\" content=\"editor\" \/>\n\t<meta name=\"twitter:label2\" content=\"Estimated reading time\" \/>\n\t<meta name=\"twitter:data2\" content=\"3 minutes\" \/>\n<script type=\"application\/ld+json\" class=\"yoast-schema-graph\">{\"@context\":\"https:\\\/\\\/schema.org\",\"@graph\":[{\"@type\":\"Article\",\"@id\":\"https:\\\/\\\/www.esmadrid.com\\\/mcb\\\/en\\\/newsold\\\/madrid-art-arco-madrid\\\/#article\",\"isPartOf\":{\"@id\":\"https:\\\/\\\/www.esmadrid.com\\\/mcb\\\/en\\\/newsold\\\/madrid-art-arco-madrid\\\/\"},\"author\":{\"name\":\"editor\",\"@id\":\"https:\\\/\\\/www.esmadrid.com\\\/mcb\\\/en\\\/#\\\/schema\\\/person\\\/cc0f4a72833d0376034828bc8f99ca0b\"},\"headline\":\"Madrid is art: ARCO MADRID\",\"datePublished\":\"2017-02-10T11:12:38+00:00\",\"mainEntityOfPage\":{\"@id\":\"https:\\\/\\\/www.esmadrid.com\\\/mcb\\\/en\\\/newsold\\\/madrid-art-arco-madrid\\\/\"},\"wordCount\":598,\"image\":{\"@id\":\"https:\\\/\\\/www.esmadrid.com\\\/mcb\\\/en\\\/newsold\\\/madrid-art-arco-madrid\\\/#primaryimage\"},\"thumbnailUrl\":\"https:\\\/\\\/www.esmadrid.com\\\/mcb\\\/en\\\/wp-content\\\/uploads\\\/sites\\\/3\\\/2017\\\/02\\\/arco-WP.jpg\",\"articleSection\":[\"News\"],\"inLanguage\":\"en-GB\"},{\"@type\":\"WebPage\",\"@id\":\"https:\\\/\\\/www.esmadrid.com\\\/mcb\\\/en\\\/newsold\\\/madrid-art-arco-madrid\\\/\",\"url\":\"https:\\\/\\\/www.esmadrid.com\\\/mcb\\\/en\\\/newsold\\\/madrid-art-arco-madrid\\\/\",\"name\":\"Madrid is art: ARCO MADRID - Madrid Convention Bureau (en)\",\"isPartOf\":{\"@id\":\"https:\\\/\\\/www.esmadrid.com\\\/mcb\\\/en\\\/#website\"},\"primaryImageOfPage\":{\"@id\":\"https:\\\/\\\/www.esmadrid.com\\\/mcb\\\/en\\\/newsold\\\/madrid-art-arco-madrid\\\/#primaryimage\"},\"image\":{\"@id\":\"https:\\\/\\\/www.esmadrid.com\\\/mcb\\\/en\\\/newsold\\\/madrid-art-arco-madrid\\\/#primaryimage\"},\"thumbnailUrl\":\"https:\\\/\\\/www.esmadrid.com\\\/mcb\\\/en\\\/wp-content\\\/uploads\\\/sites\\\/3\\\/2017\\\/02\\\/arco-WP.jpg\",\"datePublished\":\"2017-02-10T11:12:38+00:00\",\"author\":{\"@id\":\"https:\\\/\\\/www.esmadrid.com\\\/mcb\\\/en\\\/#\\\/schema\\\/person\\\/cc0f4a72833d0376034828bc8f99ca0b\"},\"breadcrumb\":{\"@id\":\"https:\\\/\\\/www.esmadrid.com\\\/mcb\\\/en\\\/newsold\\\/madrid-art-arco-madrid\\\/#breadcrumb\"},\"inLanguage\":\"en-GB\",\"potentialAction\":[{\"@type\":\"ReadAction\",\"target\":[\"https:\\\/\\\/www.esmadrid.com\\\/mcb\\\/en\\\/newsold\\\/madrid-art-arco-madrid\\\/\"]}]},{\"@type\":\"ImageObject\",\"inLanguage\":\"en-GB\",\"@id\":\"https:\\\/\\\/www.esmadrid.com\\\/mcb\\\/en\\\/newsold\\\/madrid-art-arco-madrid\\\/#primaryimage\",\"url\":\"https:\\\/\\\/www.esmadrid.com\\\/mcb\\\/en\\\/wp-content\\\/uploads\\\/sites\\\/3\\\/2017\\\/02\\\/arco-WP.jpg\",\"contentUrl\":\"https:\\\/\\\/www.esmadrid.com\\\/mcb\\\/en\\\/wp-content\\\/uploads\\\/sites\\\/3\\\/2017\\\/02\\\/arco-WP.jpg\",\"width\":325,\"height\":217},{\"@type\":\"BreadcrumbList\",\"@id\":\"https:\\\/\\\/www.esmadrid.com\\\/mcb\\\/en\\\/newsold\\\/madrid-art-arco-madrid\\\/#breadcrumb\",\"itemListElement\":[{\"@type\":\"ListItem\",\"position\":1,\"name\":\"Home\",\"item\":\"https:\\\/\\\/www.esmadrid.com\\\/mcb\\\/en\\\/\"},{\"@type\":\"ListItem\",\"position\":2,\"name\":\"Madrid is art: ARCO MADRID\"}]},{\"@type\":\"WebSite\",\"@id\":\"https:\\\/\\\/www.esmadrid.com\\\/mcb\\\/en\\\/#website\",\"url\":\"https:\\\/\\\/www.esmadrid.com\\\/mcb\\\/en\\\/\",\"name\":\"Madrid Convention Bureau (en)\",\"description\":\"Madrid Convention Bureau\",\"potentialAction\":[{\"@type\":\"SearchAction\",\"target\":{\"@type\":\"EntryPoint\",\"urlTemplate\":\"https:\\\/\\\/www.esmadrid.com\\\/mcb\\\/en\\\/?s={search_term_string}\"},\"query-input\":{\"@type\":\"PropertyValueSpecification\",\"valueRequired\":true,\"valueName\":\"search_term_string\"}}],\"inLanguage\":\"en-GB\"},{\"@type\":\"Person\",\"@id\":\"https:\\\/\\\/www.esmadrid.com\\\/mcb\\\/en\\\/#\\\/schema\\\/person\\\/cc0f4a72833d0376034828bc8f99ca0b\",\"name\":\"editor\",\"url\":\"https:\\\/\\\/www.esmadrid.com\\\/mcb\\\/en\\\/author\\\/editor\\\/\"}]}<\/script>\n<!-- \/ Yoast SEO plugin. -->","yoast_head_json":{"title":"Madrid is art: ARCO MADRID - Madrid Convention Bureau (en)","robots":{"index":"index","follow":"follow","max-snippet":"max-snippet:-1","max-image-preview":"max-image-preview:large","max-video-preview":"max-video-preview:-1"},"canonical":"https:\/\/www.esmadrid.com\/mcb\/en\/newsold\/madrid-art-arco-madrid\/","og_locale":"en_GB","og_type":"article","og_title":"Madrid is art: ARCO MADRID - Madrid Convention Bureau (en)","og_description":"From 22 to 26 February, Madrid turns into the global capital of contemporary art as it hosts its annual fair, now in its 36th edition. The International Contemporary Art Fair of Madrid kicks off a new edition with a clear aim: to establish itself as a fair where collectors and industry professionals can discover new [&hellip;]","og_url":"https:\/\/www.esmadrid.com\/mcb\/en\/newsold\/madrid-art-arco-madrid\/","og_site_name":"Madrid Convention Bureau (en)","article_published_time":"2017-02-10T11:12:38+00:00","og_image":[{"width":325,"height":217,"url":"https:\/\/www.esmadrid.com\/mcb\/en\/wp-content\/uploads\/sites\/3\/2017\/02\/arco-WP.jpg","type":"image\/jpeg"}],"author":"editor","twitter_card":"summary_large_image","twitter_misc":{"Written by":"editor","Estimated reading time":"3 minutes"},"schema":{"@context":"https:\/\/schema.org","@graph":[{"@type":"Article","@id":"https:\/\/www.esmadrid.com\/mcb\/en\/newsold\/madrid-art-arco-madrid\/#article","isPartOf":{"@id":"https:\/\/www.esmadrid.com\/mcb\/en\/newsold\/madrid-art-arco-madrid\/"},"author":{"name":"editor","@id":"https:\/\/www.esmadrid.com\/mcb\/en\/#\/schema\/person\/cc0f4a72833d0376034828bc8f99ca0b"},"headline":"Madrid is art: ARCO MADRID","datePublished":"2017-02-10T11:12:38+00:00","mainEntityOfPage":{"@id":"https:\/\/www.esmadrid.com\/mcb\/en\/newsold\/madrid-art-arco-madrid\/"},"wordCount":598,"image":{"@id":"https:\/\/www.esmadrid.com\/mcb\/en\/newsold\/madrid-art-arco-madrid\/#primaryimage"},"thumbnailUrl":"https:\/\/www.esmadrid.com\/mcb\/en\/wp-content\/uploads\/sites\/3\/2017\/02\/arco-WP.jpg","articleSection":["News"],"inLanguage":"en-GB"},{"@type":"WebPage","@id":"https:\/\/www.esmadrid.com\/mcb\/en\/newsold\/madrid-art-arco-madrid\/","url":"https:\/\/www.esmadrid.com\/mcb\/en\/newsold\/madrid-art-arco-madrid\/","name":"Madrid is art: ARCO MADRID - Madrid Convention Bureau (en)","isPartOf":{"@id":"https:\/\/www.esmadrid.com\/mcb\/en\/#website"},"primaryImageOfPage":{"@id":"https:\/\/www.esmadrid.com\/mcb\/en\/newsold\/madrid-art-arco-madrid\/#primaryimage"},"image":{"@id":"https:\/\/www.esmadrid.com\/mcb\/en\/newsold\/madrid-art-arco-madrid\/#primaryimage"},"thumbnailUrl":"https:\/\/www.esmadrid.com\/mcb\/en\/wp-content\/uploads\/sites\/3\/2017\/02\/arco-WP.jpg","datePublished":"2017-02-10T11:12:38+00:00","author":{"@id":"https:\/\/www.esmadrid.com\/mcb\/en\/#\/schema\/person\/cc0f4a72833d0376034828bc8f99ca0b"},"breadcrumb":{"@id":"https:\/\/www.esmadrid.com\/mcb\/en\/newsold\/madrid-art-arco-madrid\/#breadcrumb"},"inLanguage":"en-GB","potentialAction":[{"@type":"ReadAction","target":["https:\/\/www.esmadrid.com\/mcb\/en\/newsold\/madrid-art-arco-madrid\/"]}]},{"@type":"ImageObject","inLanguage":"en-GB","@id":"https:\/\/www.esmadrid.com\/mcb\/en\/newsold\/madrid-art-arco-madrid\/#primaryimage","url":"https:\/\/www.esmadrid.com\/mcb\/en\/wp-content\/uploads\/sites\/3\/2017\/02\/arco-WP.jpg","contentUrl":"https:\/\/www.esmadrid.com\/mcb\/en\/wp-content\/uploads\/sites\/3\/2017\/02\/arco-WP.jpg","width":325,"height":217},{"@type":"BreadcrumbList","@id":"https:\/\/www.esmadrid.com\/mcb\/en\/newsold\/madrid-art-arco-madrid\/#breadcrumb","itemListElement":[{"@type":"ListItem","position":1,"name":"Home","item":"https:\/\/www.esmadrid.com\/mcb\/en\/"},{"@type":"ListItem","position":2,"name":"Madrid is art: ARCO MADRID"}]},{"@type":"WebSite","@id":"https:\/\/www.esmadrid.com\/mcb\/en\/#website","url":"https:\/\/www.esmadrid.com\/mcb\/en\/","name":"Madrid Convention Bureau (en)","description":"Madrid Convention Bureau","potentialAction":[{"@type":"SearchAction","target":{"@type":"EntryPoint","urlTemplate":"https:\/\/www.esmadrid.com\/mcb\/en\/?s={search_term_string}"},"query-input":{"@type":"PropertyValueSpecification","valueRequired":true,"valueName":"search_term_string"}}],"inLanguage":"en-GB"},{"@type":"Person","@id":"https:\/\/www.esmadrid.com\/mcb\/en\/#\/schema\/person\/cc0f4a72833d0376034828bc8f99ca0b","name":"editor","url":"https:\/\/www.esmadrid.com\/mcb\/en\/author\/editor\/"}]}},"_links":{"self":[{"href":"https:\/\/www.esmadrid.com\/mcb\/en\/wp-json\/wp\/v2\/posts\/1818","targetHints":{"allow":["GET"]}}],"collection":[{"href":"https:\/\/www.esmadrid.com\/mcb\/en\/wp-json\/wp\/v2\/posts"}],"about":[{"href":"https:\/\/www.esmadrid.com\/mcb\/en\/wp-json\/wp\/v2\/types\/post"}],"author":[{"embeddable":true,"href":"https:\/\/www.esmadrid.com\/mcb\/en\/wp-json\/wp\/v2\/users\/2"}],"replies":[{"embeddable":true,"href":"https:\/\/www.esmadrid.com\/mcb\/en\/wp-json\/wp\/v2\/comments?post=1818"}],"version-history":[{"count":2,"href":"https:\/\/www.esmadrid.com\/mcb\/en\/wp-json\/wp\/v2\/posts\/1818\/revisions"}],"predecessor-version":[{"id":1846,"href":"https:\/\/www.esmadrid.com\/mcb\/en\/wp-json\/wp\/v2\/posts\/1818\/revisions\/1846"}],"wp:featuredmedia":[{"embeddable":true,"href":"https:\/\/www.esmadrid.com\/mcb\/en\/wp-json\/wp\/v2\/media\/1825"}],"wp:attachment":[{"href":"https:\/\/www.esmadrid.com\/mcb\/en\/wp-json\/wp\/v2\/media?parent=1818"}],"wp:term":[{"taxonomy":"category","embeddable":true,"href":"https:\/\/www.esmadrid.com\/mcb\/en\/wp-json\/wp\/v2\/categories?post=1818"},{"taxonomy":"post_tag","embeddable":true,"href":"https:\/\/www.esmadrid.com\/mcb\/en\/wp-json\/wp\/v2\/tags?post=1818"}],"curies":[{"name":"wp","href":"https:\/\/api.w.org\/{rel}","templated":true}]}}