{"id":3893,"date":"2020-02-14T13:42:59","date_gmt":"2020-02-14T13:42:59","guid":{"rendered":"https:\/\/www.esmadrid.com\/mcb\/?p=3893"},"modified":"2024-06-11T11:29:03","modified_gmt":"2024-06-11T11:29:03","slug":"madrid-ciudad-arborea-del-mundo","status":"publish","type":"post","link":"https:\/\/www.esmadrid.com\/mcb\/novedades\/madrid-ciudad-arborea-del-mundo\/","title":{"rendered":"Madrid, Ciudad Arb\u00f3rea del Mundo"},"content":{"rendered":"<p><strong>Madrid forma parte de las primeras 59 ciudades del mundo seleccionadas por la FAO y la Fundaci\u00f3n Arbor Day para formar parte del programa \u00abCiudades Arboladas del Mundo\u00bb<\/strong><\/p>\n<p><strong>Madrid y Arroyomolinos son las dos ciudades espa\u00f1olas que ya forman parte de esta red mundial que comparte modelos de gesti\u00f3n del arbolado<\/strong><\/p>\n<p><strong>Con 5&#8217;7\u00a0 millones de \u00e1rboles en el t\u00e9rmino municipal, es una de las ciudades con m\u00e1s calles arboladas en el mundo.<\/strong><\/p>\n<p>La Organizaci\u00f3n de las Naciones Unidas para la Alimentaci\u00f3n y la Agricultura (FAO) y la Fundaci\u00f3n Arbor Day acaban de hacer p\u00fablica la primera lista de ciudades incluidas en el programa \u00abCiudades Arboladas del Mundo\u00bb, destinado a promover ciudades m\u00e1s resilientes y sostenibles.<\/p>\n<p>Un total de 59 ciudades del m\u00e1s del centenar que han participado han obtenido este reconocimiento internacional. Capitales como Madrid, Par\u00eds, Dubl\u00edn o Quito, grandes \u00e1reas metropolitanas como Nueva York, San Francisco o Toronto y varios municipios peque\u00f1os como Bradford (Reino Unido), Thunder Bay (Canad\u00e1), Tempe (EEUU) o Mantua (Italia) forman parte de la primera promoci\u00f3n de Tree Cities of the World.<\/p>\n<p>En Espa\u00f1a, junto a la capital tambi\u00e9n ha sido reconocida como \u2018Ciudad Arb\u00f3rea del Mundo 2019\u2019 la localidad madrile\u00f1a de Arroyomolinos.<\/p>\n<p>Para la obtenci\u00f3n de esta distinci\u00f3n, las galardonadas han demostrado el cumplimiento durante 2019 de los est\u00e1ndares requeridos por la organizaci\u00f3n: la existencia de una estructura dedicada a la gesti\u00f3n del arbolado, la disponibilidad de un censo arb\u00f3reo, la definici\u00f3n de recursos financieros para los \u00e1rboles y la organizaci\u00f3n anual de eventos para promocionar y concienciar sobre la importancia del arbolado. Unos est\u00e1ndares que deber\u00e1n de revalidarse anualmente para poder mantener este reconocimiento.<\/p>\n<h4><strong>Red de intercambio de conocimientos<\/strong><\/h4>\n<p>Adem\u00e1s de promover la ordenaci\u00f3n eficiente de los recursos arb\u00f3reos urbanos, el programa \u2018Ciudades arboladas del mundo\u2019 (Tree Cities of the World) tiene por objeto crear una red internacional de ciudades que facilite el intercambio de conocimientos y buenas pr\u00e1cticas para la ordenaci\u00f3n sostenible de los bosques y espacios verdes urbanos.<\/p>\n<p>El objetivo de desarrollo sostenible 11 de la Agenda 2030, establecido por los estados miembros de la Naciones Unidas, exige que las ciudades sean inclusivas, seguras, resilientes y m\u00e1s sostenibles.<\/p>\n<p>El programa, surgido de la colaboraci\u00f3n entre la FAO y la Fundaci\u00f3n Arbor Day, se lanz\u00f3 en 2018 durante la celebraci\u00f3n en Mantua (Italia) del primer Foro Mundial sobre Bosques Urbanos. Tiene su origen en Tree city USA, una plataforma creada en Estados Unidos en 1976, de la que forman parte m\u00e1s de 3.400 comunidades. En esta plataforma, adem\u00e1s de fomentar las buenas pr\u00e1cticas, se conciencia a la ciudadan\u00eda de la importancia de los \u00e1rboles y de sus cuidados en las ciudades, adem\u00e1s de proporcionar el marco necesario para la administraci\u00f3n y expansi\u00f3n del arbolado p\u00fablico.<\/p>\n<h4><strong>Madrid, ciudad arb\u00f3rea<\/strong><\/h4>\n<p>La ciudad de Madrid cuenta con 5&#8217;7 millones de \u00e1rboles, de los cuales 300.000 ejemplares son \u00e1rboles de alineaci\u00f3n en las calles.<\/p>\n<p>Casi el 50% de las v\u00edas urbanas de la capital cuentan con \u00e1rboles de alineaci\u00f3n, m\u00e1s de 2.600 kil\u00f3metros.<\/p>\n<p>Los bosques y los \u00e1rboles urbanos pueden ayudar a enfrentar estos desaf\u00edos y contribuir a alcanzar muchos de los Objetivos de Desarrollo Sostenible (ODS), entre otros, el ODS 11 para lograr que las ciudades sean inclusivas,<br \/>\nseguras, resilientes y sostenibles. Asimismo, la Nueva Agenda Urbana de la ONU pone de relieve las contribuciones de los bosques y \u00e1reas verdes urbanos al desarrollo sostenible. Mientras tanto, las ciudades de todo el mundo han demostrado que las inversiones en espacios verdes urbanos urbana pueden contribuir en<br \/>\ngran medida a la calidad de vida. Cada vez m\u00e1s organizaciones internacionales e instituciones de ciencia e investigaci\u00f3n est\u00e1n examinando el papel que desempe\u00f1an las \u00e1reas verdes y los \u00e1rboles en la consecuci\u00f3n de los objetivos mundiales de sostenibilidad.<\/p>\n<p>El impacto beneficioso que los espacios verdes aportan al medio ambiente urbano y el bienestar f\u00edsico y psicol\u00f3gico de los ciudadanos es m\u00faltiple y muy valioso: salud y bienestar, captaci\u00f3n de agua, sumidero de carbono y part\u00edculas contaminantes, regulaci\u00f3n t\u00e9rmica, mitigaci\u00f3n del efecto isla de calor y un largo etc\u00e9tera.<\/p>\n<p>Fuente: Plan de Infraestructura Verde y biodiversidad Ayuntamiento de Madrid. ONU.<\/p>\n<p>&nbsp;<\/p>\n","protected":false},"excerpt":{"rendered":"<p>Madrid forma parte de las primeras 59 ciudades del mundo seleccionadas por la FAO y la Fundaci\u00f3n Arbor Day para formar parte del programa \u00abCiudades Arboladas del Mundo\u00bb Madrid y Arroyomolinos son las dos ciudades espa\u00f1olas que ya forman parte de esta red mundial que comparte modelos de gesti\u00f3n del arbolado Con 5&#8217;7\u00a0 millones de [&hellip;]<\/p>\n","protected":false},"author":2,"featured_media":3896,"comment_status":"closed","ping_status":"closed","sticky":false,"template":"","format":"standard","meta":{"_acf_changed":false,"footnotes":""},"categories":[1],"tags":[53,169,238,81],"class_list":["post-3893","post","type-post","status-publish","format-standard","has-post-thumbnail","hentry","category-novedades","tag-madrid","tag-ods","tag-patrimonio-verde","tag-sostenibilidad"],"acf":[],"yoast_head":"<!-- This site is optimized with the Yoast SEO plugin v27.4 - https:\/\/yoast.com\/product\/yoast-seo-wordpress\/ -->\n<title>Madrid, Ciudad Arb\u00f3rea del Mundo - Madrid Convention Bureau<\/title>\n<meta name=\"robots\" content=\"index, follow, max-snippet:-1, max-image-preview:large, max-video-preview:-1\" \/>\n<link rel=\"canonical\" href=\"https:\/\/www.esmadrid.com\/mcb\/novedades\/madrid-ciudad-arborea-del-mundo\/\" \/>\n<meta property=\"og:locale\" content=\"es_ES\" \/>\n<meta property=\"og:type\" content=\"article\" \/>\n<meta property=\"og:title\" content=\"Madrid, Ciudad Arb\u00f3rea del Mundo - Madrid Convention Bureau\" \/>\n<meta property=\"og:description\" content=\"Madrid forma parte de las primeras 59 ciudades del mundo seleccionadas por la FAO y la Fundaci\u00f3n Arbor Day para formar parte del programa \u00abCiudades Arboladas del Mundo\u00bb Madrid y Arroyomolinos son las dos ciudades espa\u00f1olas que ya forman parte de esta red mundial que comparte modelos de gesti\u00f3n del arbolado Con 5&#8217;7\u00a0 millones de [&hellip;]\" \/>\n<meta property=\"og:url\" content=\"https:\/\/www.esmadrid.com\/mcb\/novedades\/madrid-ciudad-arborea-del-mundo\/\" \/>\n<meta property=\"og:site_name\" content=\"Madrid Convention Bureau\" \/>\n<meta property=\"article:published_time\" content=\"2020-02-14T13:42:59+00:00\" \/>\n<meta property=\"article:modified_time\" content=\"2024-06-11T11:29:03+00:00\" \/>\n<meta property=\"og:image\" content=\"https:\/\/www.esmadrid.com\/mcb\/wp-content\/uploads\/2020\/02\/cerro_del_tio_pio-ok.jpg\" \/>\n\t<meta property=\"og:image:width\" content=\"325\" \/>\n\t<meta property=\"og:image:height\" content=\"216\" \/>\n\t<meta property=\"og:image:type\" content=\"image\/jpeg\" \/>\n<meta name=\"author\" content=\"editor\" \/>\n<meta name=\"twitter:card\" content=\"summary_large_image\" \/>\n<meta name=\"twitter:label1\" content=\"Escrito por\" \/>\n\t<meta name=\"twitter:data1\" content=\"editor\" \/>\n\t<meta name=\"twitter:label2\" content=\"Tiempo de lectura\" \/>\n\t<meta name=\"twitter:data2\" content=\"4 minutos\" \/>\n<script type=\"application\/ld+json\" class=\"yoast-schema-graph\">{\"@context\":\"https:\\\/\\\/schema.org\",\"@graph\":[{\"@type\":\"Article\",\"@id\":\"https:\\\/\\\/www.esmadrid.com\\\/mcb\\\/novedades\\\/madrid-ciudad-arborea-del-mundo\\\/#article\",\"isPartOf\":{\"@id\":\"https:\\\/\\\/www.esmadrid.com\\\/mcb\\\/novedades\\\/madrid-ciudad-arborea-del-mundo\\\/\"},\"author\":{\"name\":\"editor\",\"@id\":\"https:\\\/\\\/www.esmadrid.com\\\/mcb\\\/#\\\/schema\\\/person\\\/cc0f4a72833d0376034828bc8f99ca0b\"},\"headline\":\"Madrid, Ciudad Arb\u00f3rea del Mundo\",\"datePublished\":\"2020-02-14T13:42:59+00:00\",\"dateModified\":\"2024-06-11T11:29:03+00:00\",\"mainEntityOfPage\":{\"@id\":\"https:\\\/\\\/www.esmadrid.com\\\/mcb\\\/novedades\\\/madrid-ciudad-arborea-del-mundo\\\/\"},\"wordCount\":740,\"image\":{\"@id\":\"https:\\\/\\\/www.esmadrid.com\\\/mcb\\\/novedades\\\/madrid-ciudad-arborea-del-mundo\\\/#primaryimage\"},\"thumbnailUrl\":\"https:\\\/\\\/www.esmadrid.com\\\/mcb\\\/wp-content\\\/uploads\\\/2020\\\/02\\\/cerro_del_tio_pio-ok.jpg\",\"keywords\":[\"madrid\",\"ODS\",\"patrimonio verde\",\"sostenibilidad\"],\"articleSection\":[\"Novedades\"],\"inLanguage\":\"es\"},{\"@type\":\"WebPage\",\"@id\":\"https:\\\/\\\/www.esmadrid.com\\\/mcb\\\/novedades\\\/madrid-ciudad-arborea-del-mundo\\\/\",\"url\":\"https:\\\/\\\/www.esmadrid.com\\\/mcb\\\/novedades\\\/madrid-ciudad-arborea-del-mundo\\\/\",\"name\":\"Madrid, Ciudad Arb\u00f3rea del Mundo - Madrid Convention Bureau\",\"isPartOf\":{\"@id\":\"https:\\\/\\\/www.esmadrid.com\\\/mcb\\\/#website\"},\"primaryImageOfPage\":{\"@id\":\"https:\\\/\\\/www.esmadrid.com\\\/mcb\\\/novedades\\\/madrid-ciudad-arborea-del-mundo\\\/#primaryimage\"},\"image\":{\"@id\":\"https:\\\/\\\/www.esmadrid.com\\\/mcb\\\/novedades\\\/madrid-ciudad-arborea-del-mundo\\\/#primaryimage\"},\"thumbnailUrl\":\"https:\\\/\\\/www.esmadrid.com\\\/mcb\\\/wp-content\\\/uploads\\\/2020\\\/02\\\/cerro_del_tio_pio-ok.jpg\",\"datePublished\":\"2020-02-14T13:42:59+00:00\",\"dateModified\":\"2024-06-11T11:29:03+00:00\",\"author\":{\"@id\":\"https:\\\/\\\/www.esmadrid.com\\\/mcb\\\/#\\\/schema\\\/person\\\/cc0f4a72833d0376034828bc8f99ca0b\"},\"breadcrumb\":{\"@id\":\"https:\\\/\\\/www.esmadrid.com\\\/mcb\\\/novedades\\\/madrid-ciudad-arborea-del-mundo\\\/#breadcrumb\"},\"inLanguage\":\"es\",\"potentialAction\":[{\"@type\":\"ReadAction\",\"target\":[\"https:\\\/\\\/www.esmadrid.com\\\/mcb\\\/novedades\\\/madrid-ciudad-arborea-del-mundo\\\/\"]}]},{\"@type\":\"ImageObject\",\"inLanguage\":\"es\",\"@id\":\"https:\\\/\\\/www.esmadrid.com\\\/mcb\\\/novedades\\\/madrid-ciudad-arborea-del-mundo\\\/#primaryimage\",\"url\":\"https:\\\/\\\/www.esmadrid.com\\\/mcb\\\/wp-content\\\/uploads\\\/2020\\\/02\\\/cerro_del_tio_pio-ok.jpg\",\"contentUrl\":\"https:\\\/\\\/www.esmadrid.com\\\/mcb\\\/wp-content\\\/uploads\\\/2020\\\/02\\\/cerro_del_tio_pio-ok.jpg\",\"width\":325,\"height\":216},{\"@type\":\"BreadcrumbList\",\"@id\":\"https:\\\/\\\/www.esmadrid.com\\\/mcb\\\/novedades\\\/madrid-ciudad-arborea-del-mundo\\\/#breadcrumb\",\"itemListElement\":[{\"@type\":\"ListItem\",\"position\":1,\"name\":\"Portada\",\"item\":\"https:\\\/\\\/www.esmadrid.com\\\/mcb\\\/\"},{\"@type\":\"ListItem\",\"position\":2,\"name\":\"Madrid, Ciudad Arb\u00f3rea del Mundo\"}]},{\"@type\":\"WebSite\",\"@id\":\"https:\\\/\\\/www.esmadrid.com\\\/mcb\\\/#website\",\"url\":\"https:\\\/\\\/www.esmadrid.com\\\/mcb\\\/\",\"name\":\"Madrid Convention Bureau\",\"description\":\"Madrid Convention Bureau cuenta con un Equipo de profesionales que le asesorar\u00e1 sobre los mejores espacios y proveedores de servicios del sector MICE\",\"potentialAction\":[{\"@type\":\"SearchAction\",\"target\":{\"@type\":\"EntryPoint\",\"urlTemplate\":\"https:\\\/\\\/www.esmadrid.com\\\/mcb\\\/?s={search_term_string}\"},\"query-input\":{\"@type\":\"PropertyValueSpecification\",\"valueRequired\":true,\"valueName\":\"search_term_string\"}}],\"inLanguage\":\"es\"},{\"@type\":\"Person\",\"@id\":\"https:\\\/\\\/www.esmadrid.com\\\/mcb\\\/#\\\/schema\\\/person\\\/cc0f4a72833d0376034828bc8f99ca0b\",\"name\":\"editor\",\"url\":\"https:\\\/\\\/www.esmadrid.com\\\/mcb\\\/author\\\/editor\\\/\"}]}<\/script>\n<!-- \/ Yoast SEO plugin. -->","yoast_head_json":{"title":"Madrid, Ciudad Arb\u00f3rea del Mundo - Madrid Convention Bureau","robots":{"index":"index","follow":"follow","max-snippet":"max-snippet:-1","max-image-preview":"max-image-preview:large","max-video-preview":"max-video-preview:-1"},"canonical":"https:\/\/www.esmadrid.com\/mcb\/novedades\/madrid-ciudad-arborea-del-mundo\/","og_locale":"es_ES","og_type":"article","og_title":"Madrid, Ciudad Arb\u00f3rea del Mundo - Madrid Convention Bureau","og_description":"Madrid forma parte de las primeras 59 ciudades del mundo seleccionadas por la FAO y la Fundaci\u00f3n Arbor Day para formar parte del programa \u00abCiudades Arboladas del Mundo\u00bb Madrid y Arroyomolinos son las dos ciudades espa\u00f1olas que ya forman parte de esta red mundial que comparte modelos de gesti\u00f3n del arbolado Con 5&#8217;7\u00a0 millones de [&hellip;]","og_url":"https:\/\/www.esmadrid.com\/mcb\/novedades\/madrid-ciudad-arborea-del-mundo\/","og_site_name":"Madrid Convention Bureau","article_published_time":"2020-02-14T13:42:59+00:00","article_modified_time":"2024-06-11T11:29:03+00:00","og_image":[{"width":325,"height":216,"url":"https:\/\/www.esmadrid.com\/mcb\/wp-content\/uploads\/2020\/02\/cerro_del_tio_pio-ok.jpg","type":"image\/jpeg"}],"author":"editor","twitter_card":"summary_large_image","twitter_misc":{"Escrito por":"editor","Tiempo de lectura":"4 minutos"},"schema":{"@context":"https:\/\/schema.org","@graph":[{"@type":"Article","@id":"https:\/\/www.esmadrid.com\/mcb\/novedades\/madrid-ciudad-arborea-del-mundo\/#article","isPartOf":{"@id":"https:\/\/www.esmadrid.com\/mcb\/novedades\/madrid-ciudad-arborea-del-mundo\/"},"author":{"name":"editor","@id":"https:\/\/www.esmadrid.com\/mcb\/#\/schema\/person\/cc0f4a72833d0376034828bc8f99ca0b"},"headline":"Madrid, Ciudad Arb\u00f3rea del Mundo","datePublished":"2020-02-14T13:42:59+00:00","dateModified":"2024-06-11T11:29:03+00:00","mainEntityOfPage":{"@id":"https:\/\/www.esmadrid.com\/mcb\/novedades\/madrid-ciudad-arborea-del-mundo\/"},"wordCount":740,"image":{"@id":"https:\/\/www.esmadrid.com\/mcb\/novedades\/madrid-ciudad-arborea-del-mundo\/#primaryimage"},"thumbnailUrl":"https:\/\/www.esmadrid.com\/mcb\/wp-content\/uploads\/2020\/02\/cerro_del_tio_pio-ok.jpg","keywords":["madrid","ODS","patrimonio verde","sostenibilidad"],"articleSection":["Novedades"],"inLanguage":"es"},{"@type":"WebPage","@id":"https:\/\/www.esmadrid.com\/mcb\/novedades\/madrid-ciudad-arborea-del-mundo\/","url":"https:\/\/www.esmadrid.com\/mcb\/novedades\/madrid-ciudad-arborea-del-mundo\/","name":"Madrid, Ciudad Arb\u00f3rea del Mundo - Madrid Convention Bureau","isPartOf":{"@id":"https:\/\/www.esmadrid.com\/mcb\/#website"},"primaryImageOfPage":{"@id":"https:\/\/www.esmadrid.com\/mcb\/novedades\/madrid-ciudad-arborea-del-mundo\/#primaryimage"},"image":{"@id":"https:\/\/www.esmadrid.com\/mcb\/novedades\/madrid-ciudad-arborea-del-mundo\/#primaryimage"},"thumbnailUrl":"https:\/\/www.esmadrid.com\/mcb\/wp-content\/uploads\/2020\/02\/cerro_del_tio_pio-ok.jpg","datePublished":"2020-02-14T13:42:59+00:00","dateModified":"2024-06-11T11:29:03+00:00","author":{"@id":"https:\/\/www.esmadrid.com\/mcb\/#\/schema\/person\/cc0f4a72833d0376034828bc8f99ca0b"},"breadcrumb":{"@id":"https:\/\/www.esmadrid.com\/mcb\/novedades\/madrid-ciudad-arborea-del-mundo\/#breadcrumb"},"inLanguage":"es","potentialAction":[{"@type":"ReadAction","target":["https:\/\/www.esmadrid.com\/mcb\/novedades\/madrid-ciudad-arborea-del-mundo\/"]}]},{"@type":"ImageObject","inLanguage":"es","@id":"https:\/\/www.esmadrid.com\/mcb\/novedades\/madrid-ciudad-arborea-del-mundo\/#primaryimage","url":"https:\/\/www.esmadrid.com\/mcb\/wp-content\/uploads\/2020\/02\/cerro_del_tio_pio-ok.jpg","contentUrl":"https:\/\/www.esmadrid.com\/mcb\/wp-content\/uploads\/2020\/02\/cerro_del_tio_pio-ok.jpg","width":325,"height":216},{"@type":"BreadcrumbList","@id":"https:\/\/www.esmadrid.com\/mcb\/novedades\/madrid-ciudad-arborea-del-mundo\/#breadcrumb","itemListElement":[{"@type":"ListItem","position":1,"name":"Portada","item":"https:\/\/www.esmadrid.com\/mcb\/"},{"@type":"ListItem","position":2,"name":"Madrid, Ciudad Arb\u00f3rea del Mundo"}]},{"@type":"WebSite","@id":"https:\/\/www.esmadrid.com\/mcb\/#website","url":"https:\/\/www.esmadrid.com\/mcb\/","name":"Madrid Convention Bureau","description":"Madrid Convention Bureau cuenta con un Equipo de profesionales que le asesorar\u00e1 sobre los mejores espacios y proveedores de servicios del sector MICE","potentialAction":[{"@type":"SearchAction","target":{"@type":"EntryPoint","urlTemplate":"https:\/\/www.esmadrid.com\/mcb\/?s={search_term_string}"},"query-input":{"@type":"PropertyValueSpecification","valueRequired":true,"valueName":"search_term_string"}}],"inLanguage":"es"},{"@type":"Person","@id":"https:\/\/www.esmadrid.com\/mcb\/#\/schema\/person\/cc0f4a72833d0376034828bc8f99ca0b","name":"editor","url":"https:\/\/www.esmadrid.com\/mcb\/author\/editor\/"}]}},"_links":{"self":[{"href":"https:\/\/www.esmadrid.com\/mcb\/wp-json\/wp\/v2\/posts\/3893","targetHints":{"allow":["GET"]}}],"collection":[{"href":"https:\/\/www.esmadrid.com\/mcb\/wp-json\/wp\/v2\/posts"}],"about":[{"href":"https:\/\/www.esmadrid.com\/mcb\/wp-json\/wp\/v2\/types\/post"}],"author":[{"embeddable":true,"href":"https:\/\/www.esmadrid.com\/mcb\/wp-json\/wp\/v2\/users\/2"}],"replies":[{"embeddable":true,"href":"https:\/\/www.esmadrid.com\/mcb\/wp-json\/wp\/v2\/comments?post=3893"}],"version-history":[{"count":8,"href":"https:\/\/www.esmadrid.com\/mcb\/wp-json\/wp\/v2\/posts\/3893\/revisions"}],"predecessor-version":[{"id":3902,"href":"https:\/\/www.esmadrid.com\/mcb\/wp-json\/wp\/v2\/posts\/3893\/revisions\/3902"}],"wp:featuredmedia":[{"embeddable":true,"href":"https:\/\/www.esmadrid.com\/mcb\/wp-json\/wp\/v2\/media\/3896"}],"wp:attachment":[{"href":"https:\/\/www.esmadrid.com\/mcb\/wp-json\/wp\/v2\/media?parent=3893"}],"wp:term":[{"taxonomy":"category","embeddable":true,"href":"https:\/\/www.esmadrid.com\/mcb\/wp-json\/wp\/v2\/categories?post=3893"},{"taxonomy":"post_tag","embeddable":true,"href":"https:\/\/www.esmadrid.com\/mcb\/wp-json\/wp\/v2\/tags?post=3893"}],"curies":[{"name":"wp","href":"https:\/\/api.w.org\/{rel}","templated":true}]}}