{"id":5611,"date":"2022-11-17T14:59:14","date_gmt":"2022-11-17T14:59:14","guid":{"rendered":"https:\/\/www.esmadrid.com\/mcb\/?p=5611"},"modified":"2024-06-11T11:28:55","modified_gmt":"2024-06-11T11:28:55","slug":"17o-congreso-iberoamericano-de-pacientes-con-cancer","status":"publish","type":"post","link":"https:\/\/www.esmadrid.com\/mcb\/novedades\/17o-congreso-iberoamericano-de-pacientes-con-cancer\/","title":{"rendered":"17\u00ba Congreso Iberoamericano de Pacientes con C\u00e1ncer"},"content":{"rendered":"<p>El Grupo Espa\u00f1ol de Pacientes con C\u00e1ncer (GEPAC) acaba de abrir las inscripciones a su evento anual m\u00e1s esperado, el<strong> <a href=\"http:\/\/congreso.gepac.es\/\">17 \u00ba Congreso Iberoamericano de Pacientes con C\u00e1ncer.<\/a><\/strong><\/p>\n<p>Este a\u00f1o, el Congreso se readapta de nuevo y se celebrar\u00e1 en un formato mixto, recuperando su esencia con una jornada presencial que tendr\u00e1 lugar el 26 de noviembre de 2022 en el Colegio San Agust\u00edn (C. del Padre Dami\u00e1n, 18, 28036. Madrid), y manteniendo el formato online de las \u00faltimas dos ediciones, para evitar posibles riesgos de contagio entre los pacientes asistentes y sus familias.<\/p>\n<p>Un a\u00f1o m\u00e1s, la edici\u00f3n no s\u00f3lo llegar\u00e1 a todos los rincones de nuestro pa\u00eds, sino tambi\u00e9n de Iberoam\u00e9rica.<\/p>\n<p><u>SOBRE GEPAC<\/u><\/p>\n<p>GEPAC, Grupo Espa\u00f1ol de Pacientes con C\u00e1ncer, es una organizaci\u00f3n independiente sin \u00e1nimo de lucro formada por 116 organizaciones nacionales e internacionales. En Espa\u00f1a, suma 109 entidades divididas en 77 asociaciones de pacientes, 22 miembros corporativos y 10 divisiones (tumores raros, mama, cabeza y cuello, h\u00edgado, p\u00e1ncreas, pr\u00f3stata, pulm\u00f3n, ri\u00f1\u00f3n, vejiga y piel y melanoma). En su divisi\u00f3n internacional en Latinoam\u00e9rica, GEPAC cuenta con 7 asociaciones de distintos pa\u00edses.<\/p>\n<p>Desde su propia experiencia como pacientes con c\u00e1ncer, exponen sus demandas y necesidades a los diferentes agentes sociales vinculados a la atenci\u00f3n oncol\u00f3gica y trabajan activamente para lograr la normalizaci\u00f3n del c\u00e1ncer.<\/p>\n<p>GEPAC ofrece informaci\u00f3n y asesoramiento psico oncol\u00f3gico, social, jur\u00eddico, onco-est\u00e9tico y de rehabilitaci\u00f3n f\u00edsica para pacientes con c\u00e1ncer y sus familiares.<\/p>\n","protected":false},"excerpt":{"rendered":"<p>El Grupo Espa\u00f1ol de Pacientes con C\u00e1ncer (GEPAC) acaba de abrir las inscripciones a su evento anual m\u00e1s esperado, el 17 \u00ba Congreso Iberoamericano de Pacientes con C\u00e1ncer. Este a\u00f1o, el Congreso se readapta de nuevo y se celebrar\u00e1 en un formato mixto, recuperando su esencia con una jornada presencial que tendr\u00e1 lugar el 26 [&hellip;]<\/p>\n","protected":false},"author":2,"featured_media":5616,"comment_status":"closed","ping_status":"closed","sticky":false,"template":"","format":"standard","meta":{"_acf_changed":false,"footnotes":""},"categories":[1],"tags":[385,57,306,53,176,384],"class_list":["post-5611","post","type-post","status-publish","format-standard","has-post-thumbnail","hentry","category-novedades","tag-cancer","tag-congreso","tag-gepac","tag-madrid","tag-mcb","tag-pacientes"],"acf":[],"yoast_head":"<!-- This site is optimized with the Yoast SEO plugin v27.4 - https:\/\/yoast.com\/product\/yoast-seo-wordpress\/ -->\n<title>17\u00ba Congreso Iberoamericano de Pacientes con C\u00e1ncer - Madrid Convention Bureau<\/title>\n<meta name=\"robots\" content=\"index, follow, max-snippet:-1, max-image-preview:large, max-video-preview:-1\" \/>\n<link rel=\"canonical\" href=\"https:\/\/www.esmadrid.com\/mcb\/novedades\/17o-congreso-iberoamericano-de-pacientes-con-cancer\/\" \/>\n<meta property=\"og:locale\" content=\"es_ES\" \/>\n<meta property=\"og:type\" content=\"article\" \/>\n<meta property=\"og:title\" content=\"17\u00ba Congreso Iberoamericano de Pacientes con C\u00e1ncer - Madrid Convention Bureau\" \/>\n<meta property=\"og:description\" content=\"El Grupo Espa\u00f1ol de Pacientes con C\u00e1ncer (GEPAC) acaba de abrir las inscripciones a su evento anual m\u00e1s esperado, el 17 \u00ba Congreso Iberoamericano de Pacientes con C\u00e1ncer. Este a\u00f1o, el Congreso se readapta de nuevo y se celebrar\u00e1 en un formato mixto, recuperando su esencia con una jornada presencial que tendr\u00e1 lugar el 26 [&hellip;]\" \/>\n<meta property=\"og:url\" content=\"https:\/\/www.esmadrid.com\/mcb\/novedades\/17o-congreso-iberoamericano-de-pacientes-con-cancer\/\" \/>\n<meta property=\"og:site_name\" content=\"Madrid Convention Bureau\" \/>\n<meta property=\"article:published_time\" content=\"2022-11-17T14:59:14+00:00\" \/>\n<meta property=\"article:modified_time\" content=\"2024-06-11T11:28:55+00:00\" \/>\n<meta property=\"og:image\" content=\"https:\/\/www.esmadrid.com\/mcb\/wp-content\/uploads\/2022\/11\/banner-congreso_INSTAGRAM-002-1.jpg\" \/>\n\t<meta property=\"og:image:width\" content=\"200\" \/>\n\t<meta property=\"og:image:height\" content=\"200\" \/>\n\t<meta property=\"og:image:type\" content=\"image\/jpeg\" \/>\n<meta name=\"author\" content=\"editor\" \/>\n<meta name=\"twitter:card\" content=\"summary_large_image\" \/>\n<meta name=\"twitter:label1\" content=\"Escrito por\" \/>\n\t<meta name=\"twitter:data1\" content=\"editor\" \/>\n\t<meta name=\"twitter:label2\" content=\"Tiempo de lectura\" \/>\n\t<meta name=\"twitter:data2\" content=\"2 minutos\" \/>\n<script type=\"application\/ld+json\" class=\"yoast-schema-graph\">{\"@context\":\"https:\\\/\\\/schema.org\",\"@graph\":[{\"@type\":\"Article\",\"@id\":\"https:\\\/\\\/www.esmadrid.com\\\/mcb\\\/novedades\\\/17o-congreso-iberoamericano-de-pacientes-con-cancer\\\/#article\",\"isPartOf\":{\"@id\":\"https:\\\/\\\/www.esmadrid.com\\\/mcb\\\/novedades\\\/17o-congreso-iberoamericano-de-pacientes-con-cancer\\\/\"},\"author\":{\"name\":\"editor\",\"@id\":\"https:\\\/\\\/www.esmadrid.com\\\/mcb\\\/#\\\/schema\\\/person\\\/cc0f4a72833d0376034828bc8f99ca0b\"},\"headline\":\"17\u00ba Congreso Iberoamericano de Pacientes con C\u00e1ncer\",\"datePublished\":\"2022-11-17T14:59:14+00:00\",\"dateModified\":\"2024-06-11T11:28:55+00:00\",\"mainEntityOfPage\":{\"@id\":\"https:\\\/\\\/www.esmadrid.com\\\/mcb\\\/novedades\\\/17o-congreso-iberoamericano-de-pacientes-con-cancer\\\/\"},\"wordCount\":270,\"image\":{\"@id\":\"https:\\\/\\\/www.esmadrid.com\\\/mcb\\\/novedades\\\/17o-congreso-iberoamericano-de-pacientes-con-cancer\\\/#primaryimage\"},\"thumbnailUrl\":\"https:\\\/\\\/www.esmadrid.com\\\/mcb\\\/wp-content\\\/uploads\\\/2022\\\/11\\\/banner-congreso_INSTAGRAM-002-1.jpg\",\"keywords\":[\"c\u00e1ncer\",\"congreso\",\"GEPAC\",\"madrid\",\"MCB\",\"pacientes\"],\"articleSection\":[\"Novedades\"],\"inLanguage\":\"es\"},{\"@type\":\"WebPage\",\"@id\":\"https:\\\/\\\/www.esmadrid.com\\\/mcb\\\/novedades\\\/17o-congreso-iberoamericano-de-pacientes-con-cancer\\\/\",\"url\":\"https:\\\/\\\/www.esmadrid.com\\\/mcb\\\/novedades\\\/17o-congreso-iberoamericano-de-pacientes-con-cancer\\\/\",\"name\":\"17\u00ba Congreso Iberoamericano de Pacientes con C\u00e1ncer - Madrid Convention Bureau\",\"isPartOf\":{\"@id\":\"https:\\\/\\\/www.esmadrid.com\\\/mcb\\\/#website\"},\"primaryImageOfPage\":{\"@id\":\"https:\\\/\\\/www.esmadrid.com\\\/mcb\\\/novedades\\\/17o-congreso-iberoamericano-de-pacientes-con-cancer\\\/#primaryimage\"},\"image\":{\"@id\":\"https:\\\/\\\/www.esmadrid.com\\\/mcb\\\/novedades\\\/17o-congreso-iberoamericano-de-pacientes-con-cancer\\\/#primaryimage\"},\"thumbnailUrl\":\"https:\\\/\\\/www.esmadrid.com\\\/mcb\\\/wp-content\\\/uploads\\\/2022\\\/11\\\/banner-congreso_INSTAGRAM-002-1.jpg\",\"datePublished\":\"2022-11-17T14:59:14+00:00\",\"dateModified\":\"2024-06-11T11:28:55+00:00\",\"author\":{\"@id\":\"https:\\\/\\\/www.esmadrid.com\\\/mcb\\\/#\\\/schema\\\/person\\\/cc0f4a72833d0376034828bc8f99ca0b\"},\"breadcrumb\":{\"@id\":\"https:\\\/\\\/www.esmadrid.com\\\/mcb\\\/novedades\\\/17o-congreso-iberoamericano-de-pacientes-con-cancer\\\/#breadcrumb\"},\"inLanguage\":\"es\",\"potentialAction\":[{\"@type\":\"ReadAction\",\"target\":[\"https:\\\/\\\/www.esmadrid.com\\\/mcb\\\/novedades\\\/17o-congreso-iberoamericano-de-pacientes-con-cancer\\\/\"]}]},{\"@type\":\"ImageObject\",\"inLanguage\":\"es\",\"@id\":\"https:\\\/\\\/www.esmadrid.com\\\/mcb\\\/novedades\\\/17o-congreso-iberoamericano-de-pacientes-con-cancer\\\/#primaryimage\",\"url\":\"https:\\\/\\\/www.esmadrid.com\\\/mcb\\\/wp-content\\\/uploads\\\/2022\\\/11\\\/banner-congreso_INSTAGRAM-002-1.jpg\",\"contentUrl\":\"https:\\\/\\\/www.esmadrid.com\\\/mcb\\\/wp-content\\\/uploads\\\/2022\\\/11\\\/banner-congreso_INSTAGRAM-002-1.jpg\",\"width\":200,\"height\":200},{\"@type\":\"BreadcrumbList\",\"@id\":\"https:\\\/\\\/www.esmadrid.com\\\/mcb\\\/novedades\\\/17o-congreso-iberoamericano-de-pacientes-con-cancer\\\/#breadcrumb\",\"itemListElement\":[{\"@type\":\"ListItem\",\"position\":1,\"name\":\"Portada\",\"item\":\"https:\\\/\\\/www.esmadrid.com\\\/mcb\\\/\"},{\"@type\":\"ListItem\",\"position\":2,\"name\":\"17\u00ba Congreso Iberoamericano de Pacientes con C\u00e1ncer\"}]},{\"@type\":\"WebSite\",\"@id\":\"https:\\\/\\\/www.esmadrid.com\\\/mcb\\\/#website\",\"url\":\"https:\\\/\\\/www.esmadrid.com\\\/mcb\\\/\",\"name\":\"Madrid Convention Bureau\",\"description\":\"Madrid Convention Bureau cuenta con un Equipo de profesionales que le asesorar\u00e1 sobre los mejores espacios y proveedores de servicios del sector MICE\",\"potentialAction\":[{\"@type\":\"SearchAction\",\"target\":{\"@type\":\"EntryPoint\",\"urlTemplate\":\"https:\\\/\\\/www.esmadrid.com\\\/mcb\\\/?s={search_term_string}\"},\"query-input\":{\"@type\":\"PropertyValueSpecification\",\"valueRequired\":true,\"valueName\":\"search_term_string\"}}],\"inLanguage\":\"es\"},{\"@type\":\"Person\",\"@id\":\"https:\\\/\\\/www.esmadrid.com\\\/mcb\\\/#\\\/schema\\\/person\\\/cc0f4a72833d0376034828bc8f99ca0b\",\"name\":\"editor\",\"url\":\"https:\\\/\\\/www.esmadrid.com\\\/mcb\\\/author\\\/editor\\\/\"}]}<\/script>\n<!-- \/ Yoast SEO plugin. -->","yoast_head_json":{"title":"17\u00ba Congreso Iberoamericano de Pacientes con C\u00e1ncer - Madrid Convention Bureau","robots":{"index":"index","follow":"follow","max-snippet":"max-snippet:-1","max-image-preview":"max-image-preview:large","max-video-preview":"max-video-preview:-1"},"canonical":"https:\/\/www.esmadrid.com\/mcb\/novedades\/17o-congreso-iberoamericano-de-pacientes-con-cancer\/","og_locale":"es_ES","og_type":"article","og_title":"17\u00ba Congreso Iberoamericano de Pacientes con C\u00e1ncer - Madrid Convention Bureau","og_description":"El Grupo Espa\u00f1ol de Pacientes con C\u00e1ncer (GEPAC) acaba de abrir las inscripciones a su evento anual m\u00e1s esperado, el 17 \u00ba Congreso Iberoamericano de Pacientes con C\u00e1ncer. Este a\u00f1o, el Congreso se readapta de nuevo y se celebrar\u00e1 en un formato mixto, recuperando su esencia con una jornada presencial que tendr\u00e1 lugar el 26 [&hellip;]","og_url":"https:\/\/www.esmadrid.com\/mcb\/novedades\/17o-congreso-iberoamericano-de-pacientes-con-cancer\/","og_site_name":"Madrid Convention Bureau","article_published_time":"2022-11-17T14:59:14+00:00","article_modified_time":"2024-06-11T11:28:55+00:00","og_image":[{"width":200,"height":200,"url":"https:\/\/www.esmadrid.com\/mcb\/wp-content\/uploads\/2022\/11\/banner-congreso_INSTAGRAM-002-1.jpg","type":"image\/jpeg"}],"author":"editor","twitter_card":"summary_large_image","twitter_misc":{"Escrito por":"editor","Tiempo de lectura":"2 minutos"},"schema":{"@context":"https:\/\/schema.org","@graph":[{"@type":"Article","@id":"https:\/\/www.esmadrid.com\/mcb\/novedades\/17o-congreso-iberoamericano-de-pacientes-con-cancer\/#article","isPartOf":{"@id":"https:\/\/www.esmadrid.com\/mcb\/novedades\/17o-congreso-iberoamericano-de-pacientes-con-cancer\/"},"author":{"name":"editor","@id":"https:\/\/www.esmadrid.com\/mcb\/#\/schema\/person\/cc0f4a72833d0376034828bc8f99ca0b"},"headline":"17\u00ba Congreso Iberoamericano de Pacientes con C\u00e1ncer","datePublished":"2022-11-17T14:59:14+00:00","dateModified":"2024-06-11T11:28:55+00:00","mainEntityOfPage":{"@id":"https:\/\/www.esmadrid.com\/mcb\/novedades\/17o-congreso-iberoamericano-de-pacientes-con-cancer\/"},"wordCount":270,"image":{"@id":"https:\/\/www.esmadrid.com\/mcb\/novedades\/17o-congreso-iberoamericano-de-pacientes-con-cancer\/#primaryimage"},"thumbnailUrl":"https:\/\/www.esmadrid.com\/mcb\/wp-content\/uploads\/2022\/11\/banner-congreso_INSTAGRAM-002-1.jpg","keywords":["c\u00e1ncer","congreso","GEPAC","madrid","MCB","pacientes"],"articleSection":["Novedades"],"inLanguage":"es"},{"@type":"WebPage","@id":"https:\/\/www.esmadrid.com\/mcb\/novedades\/17o-congreso-iberoamericano-de-pacientes-con-cancer\/","url":"https:\/\/www.esmadrid.com\/mcb\/novedades\/17o-congreso-iberoamericano-de-pacientes-con-cancer\/","name":"17\u00ba Congreso Iberoamericano de Pacientes con C\u00e1ncer - Madrid Convention Bureau","isPartOf":{"@id":"https:\/\/www.esmadrid.com\/mcb\/#website"},"primaryImageOfPage":{"@id":"https:\/\/www.esmadrid.com\/mcb\/novedades\/17o-congreso-iberoamericano-de-pacientes-con-cancer\/#primaryimage"},"image":{"@id":"https:\/\/www.esmadrid.com\/mcb\/novedades\/17o-congreso-iberoamericano-de-pacientes-con-cancer\/#primaryimage"},"thumbnailUrl":"https:\/\/www.esmadrid.com\/mcb\/wp-content\/uploads\/2022\/11\/banner-congreso_INSTAGRAM-002-1.jpg","datePublished":"2022-11-17T14:59:14+00:00","dateModified":"2024-06-11T11:28:55+00:00","author":{"@id":"https:\/\/www.esmadrid.com\/mcb\/#\/schema\/person\/cc0f4a72833d0376034828bc8f99ca0b"},"breadcrumb":{"@id":"https:\/\/www.esmadrid.com\/mcb\/novedades\/17o-congreso-iberoamericano-de-pacientes-con-cancer\/#breadcrumb"},"inLanguage":"es","potentialAction":[{"@type":"ReadAction","target":["https:\/\/www.esmadrid.com\/mcb\/novedades\/17o-congreso-iberoamericano-de-pacientes-con-cancer\/"]}]},{"@type":"ImageObject","inLanguage":"es","@id":"https:\/\/www.esmadrid.com\/mcb\/novedades\/17o-congreso-iberoamericano-de-pacientes-con-cancer\/#primaryimage","url":"https:\/\/www.esmadrid.com\/mcb\/wp-content\/uploads\/2022\/11\/banner-congreso_INSTAGRAM-002-1.jpg","contentUrl":"https:\/\/www.esmadrid.com\/mcb\/wp-content\/uploads\/2022\/11\/banner-congreso_INSTAGRAM-002-1.jpg","width":200,"height":200},{"@type":"BreadcrumbList","@id":"https:\/\/www.esmadrid.com\/mcb\/novedades\/17o-congreso-iberoamericano-de-pacientes-con-cancer\/#breadcrumb","itemListElement":[{"@type":"ListItem","position":1,"name":"Portada","item":"https:\/\/www.esmadrid.com\/mcb\/"},{"@type":"ListItem","position":2,"name":"17\u00ba Congreso Iberoamericano de Pacientes con C\u00e1ncer"}]},{"@type":"WebSite","@id":"https:\/\/www.esmadrid.com\/mcb\/#website","url":"https:\/\/www.esmadrid.com\/mcb\/","name":"Madrid Convention Bureau","description":"Madrid Convention Bureau cuenta con un Equipo de profesionales que le asesorar\u00e1 sobre los mejores espacios y proveedores de servicios del sector MICE","potentialAction":[{"@type":"SearchAction","target":{"@type":"EntryPoint","urlTemplate":"https:\/\/www.esmadrid.com\/mcb\/?s={search_term_string}"},"query-input":{"@type":"PropertyValueSpecification","valueRequired":true,"valueName":"search_term_string"}}],"inLanguage":"es"},{"@type":"Person","@id":"https:\/\/www.esmadrid.com\/mcb\/#\/schema\/person\/cc0f4a72833d0376034828bc8f99ca0b","name":"editor","url":"https:\/\/www.esmadrid.com\/mcb\/author\/editor\/"}]}},"_links":{"self":[{"href":"https:\/\/www.esmadrid.com\/mcb\/wp-json\/wp\/v2\/posts\/5611","targetHints":{"allow":["GET"]}}],"collection":[{"href":"https:\/\/www.esmadrid.com\/mcb\/wp-json\/wp\/v2\/posts"}],"about":[{"href":"https:\/\/www.esmadrid.com\/mcb\/wp-json\/wp\/v2\/types\/post"}],"author":[{"embeddable":true,"href":"https:\/\/www.esmadrid.com\/mcb\/wp-json\/wp\/v2\/users\/2"}],"replies":[{"embeddable":true,"href":"https:\/\/www.esmadrid.com\/mcb\/wp-json\/wp\/v2\/comments?post=5611"}],"version-history":[{"count":4,"href":"https:\/\/www.esmadrid.com\/mcb\/wp-json\/wp\/v2\/posts\/5611\/revisions"}],"predecessor-version":[{"id":5859,"href":"https:\/\/www.esmadrid.com\/mcb\/wp-json\/wp\/v2\/posts\/5611\/revisions\/5859"}],"wp:featuredmedia":[{"embeddable":true,"href":"https:\/\/www.esmadrid.com\/mcb\/wp-json\/wp\/v2\/media\/5616"}],"wp:attachment":[{"href":"https:\/\/www.esmadrid.com\/mcb\/wp-json\/wp\/v2\/media?parent=5611"}],"wp:term":[{"taxonomy":"category","embeddable":true,"href":"https:\/\/www.esmadrid.com\/mcb\/wp-json\/wp\/v2\/categories?post=5611"},{"taxonomy":"post_tag","embeddable":true,"href":"https:\/\/www.esmadrid.com\/mcb\/wp-json\/wp\/v2\/tags?post=5611"}],"curies":[{"name":"wp","href":"https:\/\/api.w.org\/{rel}","templated":true}]}}