{"id":5811,"date":"2023-12-07T15:06:13","date_gmt":"2023-12-07T15:06:13","guid":{"rendered":"https:\/\/www.esmadrid.com\/mcb\/?p=5811"},"modified":"2024-07-12T13:44:58","modified_gmt":"2024-07-12T13:44:58","slug":"madrid-presenta-su-oferta-en-la-feria-de-turismo-de-reuniones-ibtm-world-2","status":"publish","type":"post","link":"https:\/\/www.esmadrid.com\/mcb\/novedades\/madrid-presenta-su-oferta-en-la-feria-de-turismo-de-reuniones-ibtm-world-2\/","title":{"rendered":"Madrid presenta su oferta en la feria de turismo de reuniones IBTM World"},"content":{"rendered":"<p><strong>El Ayuntamiento participa, a trav\u00e9s de Madrid Convention Bureau, en este encuentro profesional de car\u00e1cter internacional que se celebra en Barcelona<\/strong><\/p>\n<p>&nbsp;<\/p>\n<ul>\n<li><strong>El Consistorio est\u00e1 promoviendo los productos y servicios especializados de la capital en este segmento junto a 24 empresas madrile\u00f1as. En total, se mantendr\u00e1n m\u00e1s de 500 reuniones de trabajo<\/strong><\/li>\n<li><strong>Madrid cuenta con estand construido con criterios de sostenibilidad y respecto al medio ambiente y en el que se han aplicado pol\u00edticas de reducci\u00f3n, reutilizaci\u00f3n y reciclaje en los materiales y procesos utilizados<\/strong><\/li>\n<li><strong>Se ha calculado la huella de carbono que se genera con la participaci\u00f3n en esta feria y van a realizarse medidas para compensarla y contribuir a la conservaci\u00f3n del entorno<\/strong><\/li>\n<li><strong>Aprovechando su presencia en la feria, Madrid Convention Bureau ha organizado un evento de <em>networking<\/em> con 200 clientes de la cadena hotelera Hilton International<\/strong><\/li>\n<\/ul>\n<p>El Ayuntamiento est\u00e1 dando a conocer esta semana la excepcional oferta de la capital para el turismo de reuniones con su participaci\u00f3n en la feria IBTM Word, que concluye hoy en Barcelona. Su presencia a trav\u00e9s de Madrid Convention Bureau (MCB) en este destacado encuentro internacional de la industria de reuniones, incentivos, conferencias y eventos, est\u00e1 permitiendo mostrar los productos y servicios especializados que convierten a la capital uno de los destinos mejor valorados y m\u00e1s demandados en este segmento.<\/p>\n<p>La promoci\u00f3n de la ciudad se realiza en colaboraci\u00f3n 24 empresas del sector tur\u00edstico madrile\u00f1o asociadas a Madrid Convention Bureau, entre las que se encuentran diversos hoteles, agencias de eventos y viajes corporativos y sedes especiales. Una gran representaci\u00f3n de la capital fruto de la estrecha colaboraci\u00f3n p\u00fablico-privada que lidera este organismo municipal y que permite trasladar una imagen m\u00e1s completa de Madrid, acercar sus \u00faltimas novedades, incrementar contactos y maximizar las oportunidades de negocio. En total, van a mantenerse m\u00e1s de 500 reuniones en el marco de este foro.<\/p>\n<p><strong>Compromiso con la sostenibilidad<\/strong><\/p>\n<p>Madrid cuenta con un espacio propio dentro de la feria, un estand que responde a la apuesta del Consistorio por la sostenibilidad y que ha sido dise\u00f1ado y construido con criterios de respeto al medio ambiente y pol\u00edticas de reducci\u00f3n, reutilizaci\u00f3n y reciclaje tanto de los materiales como de los procesos utilizados. Unas directrices que vienen aplic\u00e1ndose en el resto de iniciativas de difusi\u00f3n y en el plan de acci\u00f3n desarrollado por parte del Madrid Convention Bureau, que tiene a la sostenibilidad y tambi\u00e9n al legado entre los ejes fundamentales de su estrategia.<\/p>\n<p>Como novedad en esta convocatoria se ha calculado la huella de carbono que supondr\u00e1 la presencia de Madrid en esta feria y van a realizarse acciones para compensarla en colaboraci\u00f3n con diferentes empresas y sociedades del sector forestal, medioambiental y de conservaci\u00f3n del patrimonio natural. Se trata de contrarrestar las emisiones de gases de efecto invernadero realizadas con motivo de esa iniciativa promocional para contribuir a la preservaci\u00f3n del entorno.<\/p>\n<p><strong>Evento de<em> networking <\/em>con Hilton International<\/strong><\/p>\n<p>IBTM Word es una cita imprescindible en el calendario promocional de la capital. Como refuerzo a su presencia en este encuentro, Madrid Convention Bureau ha colaborado con Hilton International en la organizaci\u00f3n de un evento de <em>networking<\/em> al que han acudido m\u00e1s de 200 clientes internacionales de la cadena hotelera desplazados en la feria. Tuvo lugar el pasado martes en el Hotel Hilton Diagonal Mar y cont\u00f3 con la participaci\u00f3n especial de la cocteler\u00eda Museo Chicote.\/<\/p>\n<p>&nbsp;<\/p>\n","protected":false},"excerpt":{"rendered":"<p>El Ayuntamiento participa, a trav\u00e9s de Madrid Convention Bureau, en este encuentro profesional de car\u00e1cter internacional que se celebra en Barcelona &nbsp; El Consistorio est\u00e1 promoviendo los productos y servicios especializados de la capital en este segmento junto a 24 empresas madrile\u00f1as. En total, se mantendr\u00e1n m\u00e1s de 500 reuniones de trabajo Madrid cuenta con [&hellip;]<\/p>\n","protected":false},"author":2,"featured_media":6461,"comment_status":"closed","ping_status":"closed","sticky":false,"template":"","format":"standard","meta":{"_acf_changed":false,"footnotes":""},"categories":[1],"tags":[],"class_list":["post-5811","post","type-post","status-publish","format-standard","has-post-thumbnail","hentry","category-novedades"],"acf":[],"yoast_head":"<!-- This site is optimized with the Yoast SEO plugin v27.4 - https:\/\/yoast.com\/product\/yoast-seo-wordpress\/ -->\n<title>Madrid presenta su oferta en la feria de turismo de reuniones IBTM World - Madrid Convention Bureau<\/title>\n<meta name=\"robots\" content=\"index, follow, max-snippet:-1, max-image-preview:large, max-video-preview:-1\" \/>\n<link rel=\"canonical\" href=\"https:\/\/www.esmadrid.com\/mcb\/novedades\/madrid-presenta-su-oferta-en-la-feria-de-turismo-de-reuniones-ibtm-world-2\/\" \/>\n<meta property=\"og:locale\" content=\"es_ES\" \/>\n<meta property=\"og:type\" content=\"article\" \/>\n<meta property=\"og:title\" content=\"Madrid presenta su oferta en la feria de turismo de reuniones IBTM World - Madrid Convention Bureau\" \/>\n<meta property=\"og:description\" content=\"El Ayuntamiento participa, a trav\u00e9s de Madrid Convention Bureau, en este encuentro profesional de car\u00e1cter internacional que se celebra en Barcelona &nbsp; El Consistorio est\u00e1 promoviendo los productos y servicios especializados de la capital en este segmento junto a 24 empresas madrile\u00f1as. En total, se mantendr\u00e1n m\u00e1s de 500 reuniones de trabajo Madrid cuenta con [&hellip;]\" \/>\n<meta property=\"og:url\" content=\"https:\/\/www.esmadrid.com\/mcb\/novedades\/madrid-presenta-su-oferta-en-la-feria-de-turismo-de-reuniones-ibtm-world-2\/\" \/>\n<meta property=\"og:site_name\" content=\"Madrid Convention Bureau\" \/>\n<meta property=\"article:published_time\" content=\"2023-12-07T15:06:13+00:00\" \/>\n<meta property=\"article:modified_time\" content=\"2024-07-12T13:44:58+00:00\" \/>\n<meta property=\"og:image\" content=\"https:\/\/www.esmadrid.com\/mcb\/wp-content\/uploads\/2023\/12\/image00032-1024x768-1.jpeg\" \/>\n\t<meta property=\"og:image:width\" content=\"1024\" \/>\n\t<meta property=\"og:image:height\" content=\"768\" \/>\n\t<meta property=\"og:image:type\" content=\"image\/jpeg\" \/>\n<meta name=\"author\" content=\"editor\" \/>\n<meta name=\"twitter:card\" content=\"summary_large_image\" \/>\n<meta name=\"twitter:label1\" content=\"Escrito por\" \/>\n\t<meta name=\"twitter:data1\" content=\"editor\" \/>\n\t<meta name=\"twitter:label2\" content=\"Tiempo de lectura\" \/>\n\t<meta name=\"twitter:data2\" content=\"3 minutos\" \/>\n<script type=\"application\/ld+json\" class=\"yoast-schema-graph\">{\"@context\":\"https:\\\/\\\/schema.org\",\"@graph\":[{\"@type\":\"Article\",\"@id\":\"https:\\\/\\\/www.esmadrid.com\\\/mcb\\\/novedades\\\/madrid-presenta-su-oferta-en-la-feria-de-turismo-de-reuniones-ibtm-world-2\\\/#article\",\"isPartOf\":{\"@id\":\"https:\\\/\\\/www.esmadrid.com\\\/mcb\\\/novedades\\\/madrid-presenta-su-oferta-en-la-feria-de-turismo-de-reuniones-ibtm-world-2\\\/\"},\"author\":{\"name\":\"editor\",\"@id\":\"https:\\\/\\\/www.esmadrid.com\\\/mcb\\\/#\\\/schema\\\/person\\\/cc0f4a72833d0376034828bc8f99ca0b\"},\"headline\":\"Madrid presenta su oferta en la feria de turismo de reuniones IBTM World\",\"datePublished\":\"2023-12-07T15:06:13+00:00\",\"dateModified\":\"2024-07-12T13:44:58+00:00\",\"mainEntityOfPage\":{\"@id\":\"https:\\\/\\\/www.esmadrid.com\\\/mcb\\\/novedades\\\/madrid-presenta-su-oferta-en-la-feria-de-turismo-de-reuniones-ibtm-world-2\\\/\"},\"wordCount\":603,\"image\":{\"@id\":\"https:\\\/\\\/www.esmadrid.com\\\/mcb\\\/novedades\\\/madrid-presenta-su-oferta-en-la-feria-de-turismo-de-reuniones-ibtm-world-2\\\/#primaryimage\"},\"thumbnailUrl\":\"https:\\\/\\\/www.esmadrid.com\\\/mcb\\\/wp-content\\\/uploads\\\/2023\\\/12\\\/image00032-1024x768-1.jpeg\",\"articleSection\":[\"Novedades\"],\"inLanguage\":\"es\"},{\"@type\":\"WebPage\",\"@id\":\"https:\\\/\\\/www.esmadrid.com\\\/mcb\\\/novedades\\\/madrid-presenta-su-oferta-en-la-feria-de-turismo-de-reuniones-ibtm-world-2\\\/\",\"url\":\"https:\\\/\\\/www.esmadrid.com\\\/mcb\\\/novedades\\\/madrid-presenta-su-oferta-en-la-feria-de-turismo-de-reuniones-ibtm-world-2\\\/\",\"name\":\"Madrid presenta su oferta en la feria de turismo de reuniones IBTM World - Madrid Convention Bureau\",\"isPartOf\":{\"@id\":\"https:\\\/\\\/www.esmadrid.com\\\/mcb\\\/#website\"},\"primaryImageOfPage\":{\"@id\":\"https:\\\/\\\/www.esmadrid.com\\\/mcb\\\/novedades\\\/madrid-presenta-su-oferta-en-la-feria-de-turismo-de-reuniones-ibtm-world-2\\\/#primaryimage\"},\"image\":{\"@id\":\"https:\\\/\\\/www.esmadrid.com\\\/mcb\\\/novedades\\\/madrid-presenta-su-oferta-en-la-feria-de-turismo-de-reuniones-ibtm-world-2\\\/#primaryimage\"},\"thumbnailUrl\":\"https:\\\/\\\/www.esmadrid.com\\\/mcb\\\/wp-content\\\/uploads\\\/2023\\\/12\\\/image00032-1024x768-1.jpeg\",\"datePublished\":\"2023-12-07T15:06:13+00:00\",\"dateModified\":\"2024-07-12T13:44:58+00:00\",\"author\":{\"@id\":\"https:\\\/\\\/www.esmadrid.com\\\/mcb\\\/#\\\/schema\\\/person\\\/cc0f4a72833d0376034828bc8f99ca0b\"},\"breadcrumb\":{\"@id\":\"https:\\\/\\\/www.esmadrid.com\\\/mcb\\\/novedades\\\/madrid-presenta-su-oferta-en-la-feria-de-turismo-de-reuniones-ibtm-world-2\\\/#breadcrumb\"},\"inLanguage\":\"es\",\"potentialAction\":[{\"@type\":\"ReadAction\",\"target\":[\"https:\\\/\\\/www.esmadrid.com\\\/mcb\\\/novedades\\\/madrid-presenta-su-oferta-en-la-feria-de-turismo-de-reuniones-ibtm-world-2\\\/\"]}]},{\"@type\":\"ImageObject\",\"inLanguage\":\"es\",\"@id\":\"https:\\\/\\\/www.esmadrid.com\\\/mcb\\\/novedades\\\/madrid-presenta-su-oferta-en-la-feria-de-turismo-de-reuniones-ibtm-world-2\\\/#primaryimage\",\"url\":\"https:\\\/\\\/www.esmadrid.com\\\/mcb\\\/wp-content\\\/uploads\\\/2023\\\/12\\\/image00032-1024x768-1.jpeg\",\"contentUrl\":\"https:\\\/\\\/www.esmadrid.com\\\/mcb\\\/wp-content\\\/uploads\\\/2023\\\/12\\\/image00032-1024x768-1.jpeg\",\"width\":1024,\"height\":768},{\"@type\":\"BreadcrumbList\",\"@id\":\"https:\\\/\\\/www.esmadrid.com\\\/mcb\\\/novedades\\\/madrid-presenta-su-oferta-en-la-feria-de-turismo-de-reuniones-ibtm-world-2\\\/#breadcrumb\",\"itemListElement\":[{\"@type\":\"ListItem\",\"position\":1,\"name\":\"Portada\",\"item\":\"https:\\\/\\\/www.esmadrid.com\\\/mcb\\\/\"},{\"@type\":\"ListItem\",\"position\":2,\"name\":\"Madrid presenta su oferta en la feria de turismo de reuniones IBTM World\"}]},{\"@type\":\"WebSite\",\"@id\":\"https:\\\/\\\/www.esmadrid.com\\\/mcb\\\/#website\",\"url\":\"https:\\\/\\\/www.esmadrid.com\\\/mcb\\\/\",\"name\":\"Madrid Convention Bureau\",\"description\":\"Madrid Convention Bureau cuenta con un Equipo de profesionales que le asesorar\u00e1 sobre los mejores espacios y proveedores de servicios del sector MICE\",\"potentialAction\":[{\"@type\":\"SearchAction\",\"target\":{\"@type\":\"EntryPoint\",\"urlTemplate\":\"https:\\\/\\\/www.esmadrid.com\\\/mcb\\\/?s={search_term_string}\"},\"query-input\":{\"@type\":\"PropertyValueSpecification\",\"valueRequired\":true,\"valueName\":\"search_term_string\"}}],\"inLanguage\":\"es\"},{\"@type\":\"Person\",\"@id\":\"https:\\\/\\\/www.esmadrid.com\\\/mcb\\\/#\\\/schema\\\/person\\\/cc0f4a72833d0376034828bc8f99ca0b\",\"name\":\"editor\",\"url\":\"https:\\\/\\\/www.esmadrid.com\\\/mcb\\\/author\\\/editor\\\/\"}]}<\/script>\n<!-- \/ Yoast SEO plugin. -->","yoast_head_json":{"title":"Madrid presenta su oferta en la feria de turismo de reuniones IBTM World - Madrid Convention Bureau","robots":{"index":"index","follow":"follow","max-snippet":"max-snippet:-1","max-image-preview":"max-image-preview:large","max-video-preview":"max-video-preview:-1"},"canonical":"https:\/\/www.esmadrid.com\/mcb\/novedades\/madrid-presenta-su-oferta-en-la-feria-de-turismo-de-reuniones-ibtm-world-2\/","og_locale":"es_ES","og_type":"article","og_title":"Madrid presenta su oferta en la feria de turismo de reuniones IBTM World - Madrid Convention Bureau","og_description":"El Ayuntamiento participa, a trav\u00e9s de Madrid Convention Bureau, en este encuentro profesional de car\u00e1cter internacional que se celebra en Barcelona &nbsp; El Consistorio est\u00e1 promoviendo los productos y servicios especializados de la capital en este segmento junto a 24 empresas madrile\u00f1as. En total, se mantendr\u00e1n m\u00e1s de 500 reuniones de trabajo Madrid cuenta con [&hellip;]","og_url":"https:\/\/www.esmadrid.com\/mcb\/novedades\/madrid-presenta-su-oferta-en-la-feria-de-turismo-de-reuniones-ibtm-world-2\/","og_site_name":"Madrid Convention Bureau","article_published_time":"2023-12-07T15:06:13+00:00","article_modified_time":"2024-07-12T13:44:58+00:00","og_image":[{"width":1024,"height":768,"url":"https:\/\/www.esmadrid.com\/mcb\/wp-content\/uploads\/2023\/12\/image00032-1024x768-1.jpeg","type":"image\/jpeg"}],"author":"editor","twitter_card":"summary_large_image","twitter_misc":{"Escrito por":"editor","Tiempo de lectura":"3 minutos"},"schema":{"@context":"https:\/\/schema.org","@graph":[{"@type":"Article","@id":"https:\/\/www.esmadrid.com\/mcb\/novedades\/madrid-presenta-su-oferta-en-la-feria-de-turismo-de-reuniones-ibtm-world-2\/#article","isPartOf":{"@id":"https:\/\/www.esmadrid.com\/mcb\/novedades\/madrid-presenta-su-oferta-en-la-feria-de-turismo-de-reuniones-ibtm-world-2\/"},"author":{"name":"editor","@id":"https:\/\/www.esmadrid.com\/mcb\/#\/schema\/person\/cc0f4a72833d0376034828bc8f99ca0b"},"headline":"Madrid presenta su oferta en la feria de turismo de reuniones IBTM World","datePublished":"2023-12-07T15:06:13+00:00","dateModified":"2024-07-12T13:44:58+00:00","mainEntityOfPage":{"@id":"https:\/\/www.esmadrid.com\/mcb\/novedades\/madrid-presenta-su-oferta-en-la-feria-de-turismo-de-reuniones-ibtm-world-2\/"},"wordCount":603,"image":{"@id":"https:\/\/www.esmadrid.com\/mcb\/novedades\/madrid-presenta-su-oferta-en-la-feria-de-turismo-de-reuniones-ibtm-world-2\/#primaryimage"},"thumbnailUrl":"https:\/\/www.esmadrid.com\/mcb\/wp-content\/uploads\/2023\/12\/image00032-1024x768-1.jpeg","articleSection":["Novedades"],"inLanguage":"es"},{"@type":"WebPage","@id":"https:\/\/www.esmadrid.com\/mcb\/novedades\/madrid-presenta-su-oferta-en-la-feria-de-turismo-de-reuniones-ibtm-world-2\/","url":"https:\/\/www.esmadrid.com\/mcb\/novedades\/madrid-presenta-su-oferta-en-la-feria-de-turismo-de-reuniones-ibtm-world-2\/","name":"Madrid presenta su oferta en la feria de turismo de reuniones IBTM World - Madrid Convention Bureau","isPartOf":{"@id":"https:\/\/www.esmadrid.com\/mcb\/#website"},"primaryImageOfPage":{"@id":"https:\/\/www.esmadrid.com\/mcb\/novedades\/madrid-presenta-su-oferta-en-la-feria-de-turismo-de-reuniones-ibtm-world-2\/#primaryimage"},"image":{"@id":"https:\/\/www.esmadrid.com\/mcb\/novedades\/madrid-presenta-su-oferta-en-la-feria-de-turismo-de-reuniones-ibtm-world-2\/#primaryimage"},"thumbnailUrl":"https:\/\/www.esmadrid.com\/mcb\/wp-content\/uploads\/2023\/12\/image00032-1024x768-1.jpeg","datePublished":"2023-12-07T15:06:13+00:00","dateModified":"2024-07-12T13:44:58+00:00","author":{"@id":"https:\/\/www.esmadrid.com\/mcb\/#\/schema\/person\/cc0f4a72833d0376034828bc8f99ca0b"},"breadcrumb":{"@id":"https:\/\/www.esmadrid.com\/mcb\/novedades\/madrid-presenta-su-oferta-en-la-feria-de-turismo-de-reuniones-ibtm-world-2\/#breadcrumb"},"inLanguage":"es","potentialAction":[{"@type":"ReadAction","target":["https:\/\/www.esmadrid.com\/mcb\/novedades\/madrid-presenta-su-oferta-en-la-feria-de-turismo-de-reuniones-ibtm-world-2\/"]}]},{"@type":"ImageObject","inLanguage":"es","@id":"https:\/\/www.esmadrid.com\/mcb\/novedades\/madrid-presenta-su-oferta-en-la-feria-de-turismo-de-reuniones-ibtm-world-2\/#primaryimage","url":"https:\/\/www.esmadrid.com\/mcb\/wp-content\/uploads\/2023\/12\/image00032-1024x768-1.jpeg","contentUrl":"https:\/\/www.esmadrid.com\/mcb\/wp-content\/uploads\/2023\/12\/image00032-1024x768-1.jpeg","width":1024,"height":768},{"@type":"BreadcrumbList","@id":"https:\/\/www.esmadrid.com\/mcb\/novedades\/madrid-presenta-su-oferta-en-la-feria-de-turismo-de-reuniones-ibtm-world-2\/#breadcrumb","itemListElement":[{"@type":"ListItem","position":1,"name":"Portada","item":"https:\/\/www.esmadrid.com\/mcb\/"},{"@type":"ListItem","position":2,"name":"Madrid presenta su oferta en la feria de turismo de reuniones IBTM World"}]},{"@type":"WebSite","@id":"https:\/\/www.esmadrid.com\/mcb\/#website","url":"https:\/\/www.esmadrid.com\/mcb\/","name":"Madrid Convention Bureau","description":"Madrid Convention Bureau cuenta con un Equipo de profesionales que le asesorar\u00e1 sobre los mejores espacios y proveedores de servicios del sector MICE","potentialAction":[{"@type":"SearchAction","target":{"@type":"EntryPoint","urlTemplate":"https:\/\/www.esmadrid.com\/mcb\/?s={search_term_string}"},"query-input":{"@type":"PropertyValueSpecification","valueRequired":true,"valueName":"search_term_string"}}],"inLanguage":"es"},{"@type":"Person","@id":"https:\/\/www.esmadrid.com\/mcb\/#\/schema\/person\/cc0f4a72833d0376034828bc8f99ca0b","name":"editor","url":"https:\/\/www.esmadrid.com\/mcb\/author\/editor\/"}]}},"_links":{"self":[{"href":"https:\/\/www.esmadrid.com\/mcb\/wp-json\/wp\/v2\/posts\/5811","targetHints":{"allow":["GET"]}}],"collection":[{"href":"https:\/\/www.esmadrid.com\/mcb\/wp-json\/wp\/v2\/posts"}],"about":[{"href":"https:\/\/www.esmadrid.com\/mcb\/wp-json\/wp\/v2\/types\/post"}],"author":[{"embeddable":true,"href":"https:\/\/www.esmadrid.com\/mcb\/wp-json\/wp\/v2\/users\/2"}],"replies":[{"embeddable":true,"href":"https:\/\/www.esmadrid.com\/mcb\/wp-json\/wp\/v2\/comments?post=5811"}],"version-history":[{"count":1,"href":"https:\/\/www.esmadrid.com\/mcb\/wp-json\/wp\/v2\/posts\/5811\/revisions"}],"predecessor-version":[{"id":6462,"href":"https:\/\/www.esmadrid.com\/mcb\/wp-json\/wp\/v2\/posts\/5811\/revisions\/6462"}],"wp:featuredmedia":[{"embeddable":true,"href":"https:\/\/www.esmadrid.com\/mcb\/wp-json\/wp\/v2\/media\/6461"}],"wp:attachment":[{"href":"https:\/\/www.esmadrid.com\/mcb\/wp-json\/wp\/v2\/media?parent=5811"}],"wp:term":[{"taxonomy":"category","embeddable":true,"href":"https:\/\/www.esmadrid.com\/mcb\/wp-json\/wp\/v2\/categories?post=5811"},{"taxonomy":"post_tag","embeddable":true,"href":"https:\/\/www.esmadrid.com\/mcb\/wp-json\/wp\/v2\/tags?post=5811"}],"curies":[{"name":"wp","href":"https:\/\/api.w.org\/{rel}","templated":true}]}}