{"id":630,"date":"2015-06-05T09:33:13","date_gmt":"2015-06-05T09:33:13","guid":{"rendered":"http:\/\/www.esmadrid.com\/mcb\/?p=630"},"modified":"2024-06-11T11:29:18","modified_gmt":"2024-06-11T11:29:18","slug":"pestana-gestionara-el-hotel-de-lujo-de-la-plaza-mayor-de-madrid","status":"publish","type":"post","link":"https:\/\/www.esmadrid.com\/mcb\/novedades\/pestana-gestionara-el-hotel-de-lujo-de-la-plaza-mayor-de-madrid\/","title":{"rendered":"Pestana gestionar\u00e1 el hotel de lujo de la Plaza Mayor de Madrid"},"content":{"rendered":"<p>El Grupo Pestana ha presentado la mejor oferta econ\u00f3mica al concurso para adjudicarse la gesti\u00f3n del futuro hotel de cinco estrellas ubicado en la Casa de la Carnicer\u00eda de la Plaza Mayor de Madrid, propiedad del Ayuntamiento.<\/p>\n<p>La cadena lusa, que est\u00e1 en proceso de internacionalizaci\u00f3n de la marca en Europa y operar\u00e1 el establecimiento de lujo de la Plaza Mayor durante 40 a\u00f1os m\u00ednimo.<\/p>\n<p>La Casa de la Carnicer\u00eda ocupa el centro del lado sur de la Plaza Mayor de Madrid. Se trata de un edificio de cuatro alturas coronado por torres angulares en sus laterales, rematado el \u00faltimo piso en forma de \u00e1tico y con la planta baja porticada. Es muy parecido a la Casa de la Panader\u00eda, situada justo en frente, aunque \u00e9sta tiene sus paredes decoradas con frescos mientras que las paredes de la Casa de la Carnicer\u00eda son rojas. Se desconoce su fecha de construcci\u00f3n aunque se cree que fue reconstruido en 1631, tras un incendio.<\/p>\n<p>Debe su nombre a que en sus inicios acogi\u00f3 el dep\u00f3sito general de carnes desde el que se abastec\u00eda a los mercados de la villa. Posteriormente ha sido sede de la Tenencia de Alcald\u00eda, de la casa de socorro del distrito de la Audiencia, constituida como Tercera Casa Consistorial y ha alojado la Hemeroteca Municipal. La Casa de la Carnicer\u00eda permanece vac\u00eda desde 2008.<\/p>\n","protected":false},"excerpt":{"rendered":"<p>El Grupo Pestana ha presentado la mejor oferta econ\u00f3mica al concurso para adjudicarse la gesti\u00f3n del futuro hotel de cinco estrellas ubicado en la Casa de la Carnicer\u00eda de la Plaza Mayor de Madrid, propiedad del Ayuntamiento. La cadena lusa, que est\u00e1 en proceso de internacionalizaci\u00f3n de la marca en Europa y operar\u00e1 el establecimiento [&hellip;]<\/p>\n","protected":false},"author":2,"featured_media":632,"comment_status":"closed","ping_status":"closed","sticky":false,"template":"","format":"standard","meta":{"_acf_changed":false,"footnotes":""},"categories":[1],"tags":[],"class_list":["post-630","post","type-post","status-publish","format-standard","has-post-thumbnail","hentry","category-novedades"],"acf":[],"yoast_head":"<!-- This site is optimized with the Yoast SEO plugin v27.5 - https:\/\/yoast.com\/product\/yoast-seo-wordpress\/ -->\n<title>Pestana gestionar\u00e1 el hotel de lujo de la Plaza Mayor de Madrid - Madrid Convention Bureau<\/title>\n<meta name=\"robots\" content=\"index, follow, max-snippet:-1, max-image-preview:large, max-video-preview:-1\" \/>\n<link rel=\"canonical\" href=\"https:\/\/www.esmadrid.com\/mcb\/novedades\/pestana-gestionara-el-hotel-de-lujo-de-la-plaza-mayor-de-madrid\/\" \/>\n<meta property=\"og:locale\" content=\"es_ES\" \/>\n<meta property=\"og:type\" content=\"article\" \/>\n<meta property=\"og:title\" content=\"Pestana gestionar\u00e1 el hotel de lujo de la Plaza Mayor de Madrid - Madrid Convention Bureau\" \/>\n<meta property=\"og:description\" content=\"El Grupo Pestana ha presentado la mejor oferta econ\u00f3mica al concurso para adjudicarse la gesti\u00f3n del futuro hotel de cinco estrellas ubicado en la Casa de la Carnicer\u00eda de la Plaza Mayor de Madrid, propiedad del Ayuntamiento. La cadena lusa, que est\u00e1 en proceso de internacionalizaci\u00f3n de la marca en Europa y operar\u00e1 el establecimiento [&hellip;]\" \/>\n<meta property=\"og:url\" content=\"https:\/\/www.esmadrid.com\/mcb\/novedades\/pestana-gestionara-el-hotel-de-lujo-de-la-plaza-mayor-de-madrid\/\" \/>\n<meta property=\"og:site_name\" content=\"Madrid Convention Bureau\" \/>\n<meta property=\"article:published_time\" content=\"2015-06-05T09:33:13+00:00\" \/>\n<meta property=\"article:modified_time\" content=\"2024-06-11T11:29:18+00:00\" \/>\n<meta property=\"og:image\" content=\"https:\/\/www.esmadrid.com\/mcb\/wp-content\/uploads\/2015\/06\/Plaza_Mayor_Casa_Carnicerya-OK.jpg\" \/>\n\t<meta property=\"og:image:width\" content=\"520\" \/>\n\t<meta property=\"og:image:height\" content=\"300\" \/>\n\t<meta property=\"og:image:type\" content=\"image\/jpeg\" \/>\n<meta name=\"author\" content=\"editor\" \/>\n<meta name=\"twitter:card\" content=\"summary_large_image\" \/>\n<meta name=\"twitter:label1\" content=\"Escrito por\" \/>\n\t<meta name=\"twitter:data1\" content=\"editor\" \/>\n\t<meta name=\"twitter:label2\" content=\"Tiempo de lectura\" \/>\n\t<meta name=\"twitter:data2\" content=\"1 minuto\" \/>\n<script type=\"application\/ld+json\" class=\"yoast-schema-graph\">{\"@context\":\"https:\\\/\\\/schema.org\",\"@graph\":[{\"@type\":\"Article\",\"@id\":\"https:\\\/\\\/www.esmadrid.com\\\/mcb\\\/novedades\\\/pestana-gestionara-el-hotel-de-lujo-de-la-plaza-mayor-de-madrid\\\/#article\",\"isPartOf\":{\"@id\":\"https:\\\/\\\/www.esmadrid.com\\\/mcb\\\/novedades\\\/pestana-gestionara-el-hotel-de-lujo-de-la-plaza-mayor-de-madrid\\\/\"},\"author\":{\"name\":\"editor\",\"@id\":\"https:\\\/\\\/www.esmadrid.com\\\/mcb\\\/#\\\/schema\\\/person\\\/cc0f4a72833d0376034828bc8f99ca0b\"},\"headline\":\"Pestana gestionar\u00e1 el hotel de lujo de la Plaza Mayor de Madrid\",\"datePublished\":\"2015-06-05T09:33:13+00:00\",\"dateModified\":\"2024-06-11T11:29:18+00:00\",\"mainEntityOfPage\":{\"@id\":\"https:\\\/\\\/www.esmadrid.com\\\/mcb\\\/novedades\\\/pestana-gestionara-el-hotel-de-lujo-de-la-plaza-mayor-de-madrid\\\/\"},\"wordCount\":249,\"image\":{\"@id\":\"https:\\\/\\\/www.esmadrid.com\\\/mcb\\\/novedades\\\/pestana-gestionara-el-hotel-de-lujo-de-la-plaza-mayor-de-madrid\\\/#primaryimage\"},\"thumbnailUrl\":\"https:\\\/\\\/www.esmadrid.com\\\/mcb\\\/wp-content\\\/uploads\\\/2015\\\/06\\\/Plaza_Mayor_Casa_Carnicerya-OK.jpg\",\"articleSection\":[\"Novedades\"],\"inLanguage\":\"es\"},{\"@type\":\"WebPage\",\"@id\":\"https:\\\/\\\/www.esmadrid.com\\\/mcb\\\/novedades\\\/pestana-gestionara-el-hotel-de-lujo-de-la-plaza-mayor-de-madrid\\\/\",\"url\":\"https:\\\/\\\/www.esmadrid.com\\\/mcb\\\/novedades\\\/pestana-gestionara-el-hotel-de-lujo-de-la-plaza-mayor-de-madrid\\\/\",\"name\":\"Pestana gestionar\u00e1 el hotel de lujo de la Plaza Mayor de Madrid - Madrid Convention Bureau\",\"isPartOf\":{\"@id\":\"https:\\\/\\\/www.esmadrid.com\\\/mcb\\\/#website\"},\"primaryImageOfPage\":{\"@id\":\"https:\\\/\\\/www.esmadrid.com\\\/mcb\\\/novedades\\\/pestana-gestionara-el-hotel-de-lujo-de-la-plaza-mayor-de-madrid\\\/#primaryimage\"},\"image\":{\"@id\":\"https:\\\/\\\/www.esmadrid.com\\\/mcb\\\/novedades\\\/pestana-gestionara-el-hotel-de-lujo-de-la-plaza-mayor-de-madrid\\\/#primaryimage\"},\"thumbnailUrl\":\"https:\\\/\\\/www.esmadrid.com\\\/mcb\\\/wp-content\\\/uploads\\\/2015\\\/06\\\/Plaza_Mayor_Casa_Carnicerya-OK.jpg\",\"datePublished\":\"2015-06-05T09:33:13+00:00\",\"dateModified\":\"2024-06-11T11:29:18+00:00\",\"author\":{\"@id\":\"https:\\\/\\\/www.esmadrid.com\\\/mcb\\\/#\\\/schema\\\/person\\\/cc0f4a72833d0376034828bc8f99ca0b\"},\"breadcrumb\":{\"@id\":\"https:\\\/\\\/www.esmadrid.com\\\/mcb\\\/novedades\\\/pestana-gestionara-el-hotel-de-lujo-de-la-plaza-mayor-de-madrid\\\/#breadcrumb\"},\"inLanguage\":\"es\",\"potentialAction\":[{\"@type\":\"ReadAction\",\"target\":[\"https:\\\/\\\/www.esmadrid.com\\\/mcb\\\/novedades\\\/pestana-gestionara-el-hotel-de-lujo-de-la-plaza-mayor-de-madrid\\\/\"]}]},{\"@type\":\"ImageObject\",\"inLanguage\":\"es\",\"@id\":\"https:\\\/\\\/www.esmadrid.com\\\/mcb\\\/novedades\\\/pestana-gestionara-el-hotel-de-lujo-de-la-plaza-mayor-de-madrid\\\/#primaryimage\",\"url\":\"https:\\\/\\\/www.esmadrid.com\\\/mcb\\\/wp-content\\\/uploads\\\/2015\\\/06\\\/Plaza_Mayor_Casa_Carnicerya-OK.jpg\",\"contentUrl\":\"https:\\\/\\\/www.esmadrid.com\\\/mcb\\\/wp-content\\\/uploads\\\/2015\\\/06\\\/Plaza_Mayor_Casa_Carnicerya-OK.jpg\",\"width\":520,\"height\":300},{\"@type\":\"BreadcrumbList\",\"@id\":\"https:\\\/\\\/www.esmadrid.com\\\/mcb\\\/novedades\\\/pestana-gestionara-el-hotel-de-lujo-de-la-plaza-mayor-de-madrid\\\/#breadcrumb\",\"itemListElement\":[{\"@type\":\"ListItem\",\"position\":1,\"name\":\"Portada\",\"item\":\"https:\\\/\\\/www.esmadrid.com\\\/mcb\\\/\"},{\"@type\":\"ListItem\",\"position\":2,\"name\":\"Pestana gestionar\u00e1 el hotel de lujo de la Plaza Mayor de Madrid\"}]},{\"@type\":\"WebSite\",\"@id\":\"https:\\\/\\\/www.esmadrid.com\\\/mcb\\\/#website\",\"url\":\"https:\\\/\\\/www.esmadrid.com\\\/mcb\\\/\",\"name\":\"Madrid Convention Bureau\",\"description\":\"Madrid Convention Bureau cuenta con un Equipo de profesionales que le asesorar\u00e1 sobre los mejores espacios y proveedores de servicios del sector MICE\",\"potentialAction\":[{\"@type\":\"SearchAction\",\"target\":{\"@type\":\"EntryPoint\",\"urlTemplate\":\"https:\\\/\\\/www.esmadrid.com\\\/mcb\\\/?s={search_term_string}\"},\"query-input\":{\"@type\":\"PropertyValueSpecification\",\"valueRequired\":true,\"valueName\":\"search_term_string\"}}],\"inLanguage\":\"es\"},{\"@type\":\"Person\",\"@id\":\"https:\\\/\\\/www.esmadrid.com\\\/mcb\\\/#\\\/schema\\\/person\\\/cc0f4a72833d0376034828bc8f99ca0b\",\"name\":\"editor\",\"url\":\"https:\\\/\\\/www.esmadrid.com\\\/mcb\\\/author\\\/editor\\\/\"}]}<\/script>\n<!-- \/ Yoast SEO plugin. -->","yoast_head_json":{"title":"Pestana gestionar\u00e1 el hotel de lujo de la Plaza Mayor de Madrid - Madrid Convention Bureau","robots":{"index":"index","follow":"follow","max-snippet":"max-snippet:-1","max-image-preview":"max-image-preview:large","max-video-preview":"max-video-preview:-1"},"canonical":"https:\/\/www.esmadrid.com\/mcb\/novedades\/pestana-gestionara-el-hotel-de-lujo-de-la-plaza-mayor-de-madrid\/","og_locale":"es_ES","og_type":"article","og_title":"Pestana gestionar\u00e1 el hotel de lujo de la Plaza Mayor de Madrid - Madrid Convention Bureau","og_description":"El Grupo Pestana ha presentado la mejor oferta econ\u00f3mica al concurso para adjudicarse la gesti\u00f3n del futuro hotel de cinco estrellas ubicado en la Casa de la Carnicer\u00eda de la Plaza Mayor de Madrid, propiedad del Ayuntamiento. La cadena lusa, que est\u00e1 en proceso de internacionalizaci\u00f3n de la marca en Europa y operar\u00e1 el establecimiento [&hellip;]","og_url":"https:\/\/www.esmadrid.com\/mcb\/novedades\/pestana-gestionara-el-hotel-de-lujo-de-la-plaza-mayor-de-madrid\/","og_site_name":"Madrid Convention Bureau","article_published_time":"2015-06-05T09:33:13+00:00","article_modified_time":"2024-06-11T11:29:18+00:00","og_image":[{"width":520,"height":300,"url":"https:\/\/www.esmadrid.com\/mcb\/wp-content\/uploads\/2015\/06\/Plaza_Mayor_Casa_Carnicerya-OK.jpg","type":"image\/jpeg"}],"author":"editor","twitter_card":"summary_large_image","twitter_misc":{"Escrito por":"editor","Tiempo de lectura":"1 minuto"},"schema":{"@context":"https:\/\/schema.org","@graph":[{"@type":"Article","@id":"https:\/\/www.esmadrid.com\/mcb\/novedades\/pestana-gestionara-el-hotel-de-lujo-de-la-plaza-mayor-de-madrid\/#article","isPartOf":{"@id":"https:\/\/www.esmadrid.com\/mcb\/novedades\/pestana-gestionara-el-hotel-de-lujo-de-la-plaza-mayor-de-madrid\/"},"author":{"name":"editor","@id":"https:\/\/www.esmadrid.com\/mcb\/#\/schema\/person\/cc0f4a72833d0376034828bc8f99ca0b"},"headline":"Pestana gestionar\u00e1 el hotel de lujo de la Plaza Mayor de Madrid","datePublished":"2015-06-05T09:33:13+00:00","dateModified":"2024-06-11T11:29:18+00:00","mainEntityOfPage":{"@id":"https:\/\/www.esmadrid.com\/mcb\/novedades\/pestana-gestionara-el-hotel-de-lujo-de-la-plaza-mayor-de-madrid\/"},"wordCount":249,"image":{"@id":"https:\/\/www.esmadrid.com\/mcb\/novedades\/pestana-gestionara-el-hotel-de-lujo-de-la-plaza-mayor-de-madrid\/#primaryimage"},"thumbnailUrl":"https:\/\/www.esmadrid.com\/mcb\/wp-content\/uploads\/2015\/06\/Plaza_Mayor_Casa_Carnicerya-OK.jpg","articleSection":["Novedades"],"inLanguage":"es"},{"@type":"WebPage","@id":"https:\/\/www.esmadrid.com\/mcb\/novedades\/pestana-gestionara-el-hotel-de-lujo-de-la-plaza-mayor-de-madrid\/","url":"https:\/\/www.esmadrid.com\/mcb\/novedades\/pestana-gestionara-el-hotel-de-lujo-de-la-plaza-mayor-de-madrid\/","name":"Pestana gestionar\u00e1 el hotel de lujo de la Plaza Mayor de Madrid - Madrid Convention Bureau","isPartOf":{"@id":"https:\/\/www.esmadrid.com\/mcb\/#website"},"primaryImageOfPage":{"@id":"https:\/\/www.esmadrid.com\/mcb\/novedades\/pestana-gestionara-el-hotel-de-lujo-de-la-plaza-mayor-de-madrid\/#primaryimage"},"image":{"@id":"https:\/\/www.esmadrid.com\/mcb\/novedades\/pestana-gestionara-el-hotel-de-lujo-de-la-plaza-mayor-de-madrid\/#primaryimage"},"thumbnailUrl":"https:\/\/www.esmadrid.com\/mcb\/wp-content\/uploads\/2015\/06\/Plaza_Mayor_Casa_Carnicerya-OK.jpg","datePublished":"2015-06-05T09:33:13+00:00","dateModified":"2024-06-11T11:29:18+00:00","author":{"@id":"https:\/\/www.esmadrid.com\/mcb\/#\/schema\/person\/cc0f4a72833d0376034828bc8f99ca0b"},"breadcrumb":{"@id":"https:\/\/www.esmadrid.com\/mcb\/novedades\/pestana-gestionara-el-hotel-de-lujo-de-la-plaza-mayor-de-madrid\/#breadcrumb"},"inLanguage":"es","potentialAction":[{"@type":"ReadAction","target":["https:\/\/www.esmadrid.com\/mcb\/novedades\/pestana-gestionara-el-hotel-de-lujo-de-la-plaza-mayor-de-madrid\/"]}]},{"@type":"ImageObject","inLanguage":"es","@id":"https:\/\/www.esmadrid.com\/mcb\/novedades\/pestana-gestionara-el-hotel-de-lujo-de-la-plaza-mayor-de-madrid\/#primaryimage","url":"https:\/\/www.esmadrid.com\/mcb\/wp-content\/uploads\/2015\/06\/Plaza_Mayor_Casa_Carnicerya-OK.jpg","contentUrl":"https:\/\/www.esmadrid.com\/mcb\/wp-content\/uploads\/2015\/06\/Plaza_Mayor_Casa_Carnicerya-OK.jpg","width":520,"height":300},{"@type":"BreadcrumbList","@id":"https:\/\/www.esmadrid.com\/mcb\/novedades\/pestana-gestionara-el-hotel-de-lujo-de-la-plaza-mayor-de-madrid\/#breadcrumb","itemListElement":[{"@type":"ListItem","position":1,"name":"Portada","item":"https:\/\/www.esmadrid.com\/mcb\/"},{"@type":"ListItem","position":2,"name":"Pestana gestionar\u00e1 el hotel de lujo de la Plaza Mayor de Madrid"}]},{"@type":"WebSite","@id":"https:\/\/www.esmadrid.com\/mcb\/#website","url":"https:\/\/www.esmadrid.com\/mcb\/","name":"Madrid Convention Bureau","description":"Madrid Convention Bureau cuenta con un Equipo de profesionales que le asesorar\u00e1 sobre los mejores espacios y proveedores de servicios del sector MICE","potentialAction":[{"@type":"SearchAction","target":{"@type":"EntryPoint","urlTemplate":"https:\/\/www.esmadrid.com\/mcb\/?s={search_term_string}"},"query-input":{"@type":"PropertyValueSpecification","valueRequired":true,"valueName":"search_term_string"}}],"inLanguage":"es"},{"@type":"Person","@id":"https:\/\/www.esmadrid.com\/mcb\/#\/schema\/person\/cc0f4a72833d0376034828bc8f99ca0b","name":"editor","url":"https:\/\/www.esmadrid.com\/mcb\/author\/editor\/"}]}},"_links":{"self":[{"href":"https:\/\/www.esmadrid.com\/mcb\/wp-json\/wp\/v2\/posts\/630","targetHints":{"allow":["GET"]}}],"collection":[{"href":"https:\/\/www.esmadrid.com\/mcb\/wp-json\/wp\/v2\/posts"}],"about":[{"href":"https:\/\/www.esmadrid.com\/mcb\/wp-json\/wp\/v2\/types\/post"}],"author":[{"embeddable":true,"href":"https:\/\/www.esmadrid.com\/mcb\/wp-json\/wp\/v2\/users\/2"}],"replies":[{"embeddable":true,"href":"https:\/\/www.esmadrid.com\/mcb\/wp-json\/wp\/v2\/comments?post=630"}],"version-history":[{"count":1,"href":"https:\/\/www.esmadrid.com\/mcb\/wp-json\/wp\/v2\/posts\/630\/revisions"}],"predecessor-version":[{"id":633,"href":"https:\/\/www.esmadrid.com\/mcb\/wp-json\/wp\/v2\/posts\/630\/revisions\/633"}],"wp:featuredmedia":[{"embeddable":true,"href":"https:\/\/www.esmadrid.com\/mcb\/wp-json\/wp\/v2\/media\/632"}],"wp:attachment":[{"href":"https:\/\/www.esmadrid.com\/mcb\/wp-json\/wp\/v2\/media?parent=630"}],"wp:term":[{"taxonomy":"category","embeddable":true,"href":"https:\/\/www.esmadrid.com\/mcb\/wp-json\/wp\/v2\/categories?post=630"},{"taxonomy":"post_tag","embeddable":true,"href":"https:\/\/www.esmadrid.com\/mcb\/wp-json\/wp\/v2\/tags?post=630"}],"curies":[{"name":"wp","href":"https:\/\/api.w.org\/{rel}","templated":true}]}}